{"id":1011,"date":"2023-08-21T13:53:43","date_gmt":"2023-08-21T16:53:43","guid":{"rendered":"https:\/\/jeffersonisac.adv.br\/index.php\/2023\/08\/21\/ccj-aprova-proposta-instituindo-dia-nacional-da-conscientizacao-da-dermatite-atopica\/"},"modified":"2023-08-21T13:53:43","modified_gmt":"2023-08-21T16:53:43","slug":"ccj-aprova-proposta-instituindo-dia-nacional-da-conscientizacao-da-dermatite-atopica","status":"publish","type":"post","link":"https:\/\/jeffersonisac.adv.br\/index.php\/2023\/08\/21\/ccj-aprova-proposta-instituindo-dia-nacional-da-conscientizacao-da-dermatite-atopica\/","title":{"rendered":"CCJ aprova proposta instituindo Dia Nacional da Conscientiza\u00e7\u00e3o da Dermatite At\u00f3pica"},"content":{"rendered":"<div class=\"image-container\">\n<div class=\"midia-creditos\"><em>Vinicius Loures\/C\u00e2mara dos Deputados<\/em><\/div>\n<div class=\"media-wrapper\"><\/div>\n<div class=\"midia-legenda\">O autor da proposta, deputado Marangoni, recomendou a aprova\u00e7\u00e3o do projeto<\/div>\n<\/div>\n<p><span>A Comiss\u00e3o de Constitui\u00e7\u00e3o e Justi\u00e7a e de Cidadania da C\u00e2mara dos Deputados aprovou, em <span class=\"termoGlossario\">car\u00e1ter conclusivo<\/span>, o Projeto de Lei 1262\/22, que institui o Dia Nacional da Conscientiza\u00e7\u00e3o da Dermatite At\u00f3pica, a ser celebrado em 23 de setembro.\u00a0<\/span><\/p>\n<p><span>O texto seguir\u00e1 para o Senado Federal, caso n\u00e3o haja recurso para an\u00e1lise pelo Plen\u00e1rio da C\u00e2mara.\u00a0<\/span><\/p>\n<p><a href=\"https:\/\/www.camara.leg.br\/noticias\/573454-SAIBA-MAIS-SOBRE-A-TRAMITACAO-DE-PROJETOS-DE-LEI\">Saiba mais sobre a tramita\u00e7\u00e3o de projeto de lei<\/a><\/p>\n<p><span>De autoria da ex-deputada Paula Belmonte, a proposta recebeu parecer favor\u00e1vel do relator, deputado Marangoni (Uni\u00e3o-SP). \u201cA iniciativa garante \u00e0 sociedade a\u00e7\u00f5es que visam levar informa\u00e7\u00e3o \u00e0 sociedade, bem como a cria\u00e7\u00e3o de programas voltados \u00e0 sa\u00fade da popula\u00e7\u00e3o\u201d, avaliou o relator.<\/span><\/p>\n<p><span>Pela proposta aprovada, ser\u00e3o realizadas anualmente, no m\u00eas de setembro, atividades para conscientiza\u00e7\u00e3o sobre a preven\u00e7\u00e3o, tratamento e combate \u00e0 dermatite at\u00f3pica. <\/span><\/p>\n<p><span>A crit\u00e9rio dos gestores, poder\u00e1 haver ilumina\u00e7\u00e3o de pr\u00e9dios p\u00fablicos com luzes de cor lil\u00e1s; promo\u00e7\u00e3o de palestras, eventos e atividades educativas; e veicula\u00e7\u00e3o de campanhas de m\u00eddia.\u00a0<\/span><\/p>\n<p><span><strong>O que \u00e9 a doen\u00e7a<\/strong><br \/>\nDermatite at\u00f3pica (ou eczema at\u00f3pico) \u00e9 um processo inflamat\u00f3rio cr\u00f4nico da pele caracterizado por les\u00f5es avermelhadas, que co\u00e7am muito e, \u00e0s vezes, descamam.<\/span><\/p>\n<p><span>Geralmente, elas se localizam na face das crian\u00e7as pequenas e nas dobras do joelho e cotovelo das crian\u00e7as maiores e dos adultos. <\/span><\/p>\n<p><span>Ainda n\u00e3o se conhecem as poss\u00edveis causas da dermatite at\u00f3pica, mas h\u00e1 evid\u00eancias de que predisposi\u00e7\u00e3o gen\u00e9tica e hist\u00f3rico familiar influenciam o aparecimento da enfermidade.<\/span><\/p>","protected":false},"excerpt":{"rendered":"<p>Vinicius Loures\/C\u00e2mara dos Deputados O autor da proposta, deputado Marangoni, recomendou a aprova\u00e7\u00e3o do projeto A Comiss\u00e3o de Constitui\u00e7\u00e3o e Justi\u00e7a e de Cidadania da C\u00e2mara dos Deputados aprovou, em car\u00e1ter conclusivo, o Projeto de Lei 1262\/22, que institui o Dia Nacional da Conscientiza\u00e7\u00e3o da Dermatite At\u00f3pica, a ser celebrado em 23 de setembro.\u00a0 O [&hellip;]<\/p>\n","protected":false},"author":0,"featured_media":0,"comment_status":"open","ping_status":"open","sticky":false,"template":"","format":"standard","meta":{"footnotes":""},"categories":[1],"tags":[],"_links":{"self":[{"href":"https:\/\/jeffersonisac.adv.br\/index.php\/wp-json\/wp\/v2\/posts\/1011"}],"collection":[{"href":"https:\/\/jeffersonisac.adv.br\/index.php\/wp-json\/wp\/v2\/posts"}],"about":[{"href":"https:\/\/jeffersonisac.adv.br\/index.php\/wp-json\/wp\/v2\/types\/post"}],"replies":[{"embeddable":true,"href":"https:\/\/jeffersonisac.adv.br\/index.php\/wp-json\/wp\/v2\/comments?post=1011"}],"version-history":[{"count":0,"href":"https:\/\/jeffersonisac.adv.br\/index.php\/wp-json\/wp\/v2\/posts\/1011\/revisions"}],"wp:attachment":[{"href":"https:\/\/jeffersonisac.adv.br\/index.php\/wp-json\/wp\/v2\/media?parent=1011"}],"wp:term":[{"taxonomy":"category","embeddable":true,"href":"https:\/\/jeffersonisac.adv.br\/index.php\/wp-json\/wp\/v2\/categories?post=1011"},{"taxonomy":"post_tag","embeddable":true,"href":"https:\/\/jeffersonisac.adv.br\/index.php\/wp-json\/wp\/v2\/tags?post=1011"}],"curies":[{"name":"wp","href":"https:\/\/api.w.org\/{rel}","templated":true}]}}