{"id":10166,"date":"2025-03-13T15:01:30","date_gmt":"2025-03-13T18:01:30","guid":{"rendered":"https:\/\/jeffersonisac.adv.br\/index.php\/2025\/03\/13\/concurso-eu-e-a-lei-e-selecionado-para-evento-de-inovacao-do-setor-publico\/"},"modified":"2025-03-13T15:01:30","modified_gmt":"2025-03-13T18:01:30","slug":"concurso-eu-e-a-lei-e-selecionado-para-evento-de-inovacao-do-setor-publico","status":"publish","type":"post","link":"https:\/\/jeffersonisac.adv.br\/index.php\/2025\/03\/13\/concurso-eu-e-a-lei-e-selecionado-para-evento-de-inovacao-do-setor-publico\/","title":{"rendered":"Concurso &#8220;Eu e a Lei&#8221; \u00e9 selecionado para evento de inova\u00e7\u00e3o do setor p\u00fablico"},"content":{"rendered":"<div class=\"image-container\">\n<div class=\"midia-creditos\"><em>viperag\/DepositPhotos<\/em><\/div>\n<div class=\"media-wrapper\"><\/div>\n<div class=\"midia-legenda\">Obras radiof\u00f4nicas ser\u00e3o exibidas na R\u00e1dio C\u00e2mara<\/div>\n<\/div>\n<p>O Concurso &#8220;Eu e a Lei&#8221;, iniciativa da C\u00e2mara dos Deputados voltada \u00e0 produ\u00e7\u00e3o radiof\u00f4nica infantojuvenil, foi selecionado para a Feira de Cases do Redes WeGov, um dos eventos mais importantes sobre inova\u00e7\u00e3o no setor p\u00fablico, que ser\u00e1 realizado no dia 29 de abril, em Florian\u00f3polis (SC).<\/p>\n<p>O evento reunir\u00e1 as 15 iniciativas mais criativas e impactantes desenvolvidas por \u00f3rg\u00e3os governamentais em diferentes esferas e regi\u00f5es do Brasil. Apenas 20% dos cases s\u00e3o do Legislativo, o que demonstra ainda mais a relev\u00e2ncia do projeto.<\/p>\n<p>A escolha, feita entre 28 projetos inscritos, destacou os que inovam na comunica\u00e7\u00e3o p\u00fablica e promovem maior conex\u00e3o entre governo e sociedade. S\u00e3o esperados no evento cerca de 250 participantes, entre gestores, comunicadores e especialistas em inova\u00e7\u00e3o no setor p\u00fablico.<\/p>\n<p><strong>Redes WeGov<br \/>\n<\/strong>O Redes WeGov \u00e9 refer\u00eancia para profissionais do setor p\u00fablico que atuam com inova\u00e7\u00e3o e comunica\u00e7\u00e3o digital. Em sua 14\u00aa edi\u00e7\u00e3o, o evento se consolida como um espa\u00e7o para troca de experi\u00eancias e constru\u00e7\u00e3o colaborativa, fortalecendo a comunica\u00e7\u00e3o governamental no Brasil.<\/p>\n<p><strong>Concurso &#8220;Eu e a Lei&#8221;<br \/>\n<\/strong>O concurso seleciona obras radiof\u00f4nicas produzidas por crian\u00e7as e adolescentes de 10 a 17 anos, estimulando jovens a discutirem leis e seus impactos na sociedade e revelando reflex\u00f5es inovadoras sobre direitos e deveres. Al\u00e9m dos dois vencedores, entre sete e nove programas s\u00e3o selecionados para exibi\u00e7\u00e3o na R\u00e1dio C\u00e2mara, abordando temas como ECA, racismo, protagonismo feminino, medidas socioeducativas e redes sociais.<\/p>\n<p>Em 2025, o concurso entra na terceira edi\u00e7\u00e3o, tendo recebido nas edi\u00e7\u00f5es anteriores, em m\u00e9dia, 180 inscri\u00e7\u00f5es de todas as regi\u00f5es do Brasil, incluindo escolas, r\u00e1dios comunit\u00e1rias e institui\u00e7\u00f5es de acolhimento e medidas socioeducativas.<\/p>\n<p>A sele\u00e7\u00e3o para a Feira WeGov refor\u00e7a o impacto do projeto e a relev\u00e2ncia da C\u00e2mara no campo da Educa\u00e7\u00e3o para a Democracia.<\/p>\n<p>Mais informa\u00e7\u00f5es sobre o concurso e outras novidades podem ser encontradas em: <a href=\"https:\/\/wegov.com.br\/feira-de-cases-no-14o-redes-wegov\/\">cd.leg.br\/14wegov<\/a> e <a href=\"https:\/\/www2.camara.leg.br\/a-camara\/estruturaadm\/secretarias\/secom\/cem-anos-do-radio-no-brasil\/concurso-eu-e-a-lei?utm_source=whatsapp&amp;utm_campaign=euealeiABC\">cd.leg.br\/euealei<\/a>.<\/p>","protected":false},"excerpt":{"rendered":"<p>viperag\/DepositPhotos Obras radiof\u00f4nicas ser\u00e3o exibidas na R\u00e1dio C\u00e2mara O Concurso &#8220;Eu e a Lei&#8221;, iniciativa da C\u00e2mara dos Deputados voltada \u00e0 produ\u00e7\u00e3o radiof\u00f4nica infantojuvenil, foi selecionado para a Feira de Cases do Redes WeGov, um dos eventos mais importantes sobre inova\u00e7\u00e3o no setor p\u00fablico, que ser\u00e1 realizado no dia 29 de abril, em Florian\u00f3polis (SC). [&hellip;]<\/p>\n","protected":false},"author":0,"featured_media":0,"comment_status":"open","ping_status":"open","sticky":false,"template":"","format":"standard","meta":{"footnotes":""},"categories":[1],"tags":[],"_links":{"self":[{"href":"https:\/\/jeffersonisac.adv.br\/index.php\/wp-json\/wp\/v2\/posts\/10166"}],"collection":[{"href":"https:\/\/jeffersonisac.adv.br\/index.php\/wp-json\/wp\/v2\/posts"}],"about":[{"href":"https:\/\/jeffersonisac.adv.br\/index.php\/wp-json\/wp\/v2\/types\/post"}],"replies":[{"embeddable":true,"href":"https:\/\/jeffersonisac.adv.br\/index.php\/wp-json\/wp\/v2\/comments?post=10166"}],"version-history":[{"count":0,"href":"https:\/\/jeffersonisac.adv.br\/index.php\/wp-json\/wp\/v2\/posts\/10166\/revisions"}],"wp:attachment":[{"href":"https:\/\/jeffersonisac.adv.br\/index.php\/wp-json\/wp\/v2\/media?parent=10166"}],"wp:term":[{"taxonomy":"category","embeddable":true,"href":"https:\/\/jeffersonisac.adv.br\/index.php\/wp-json\/wp\/v2\/categories?post=10166"},{"taxonomy":"post_tag","embeddable":true,"href":"https:\/\/jeffersonisac.adv.br\/index.php\/wp-json\/wp\/v2\/tags?post=10166"}],"curies":[{"name":"wp","href":"https:\/\/api.w.org\/{rel}","templated":true}]}}