{"id":1023,"date":"2023-08-21T22:18:29","date_gmt":"2023-08-22T01:18:29","guid":{"rendered":"https:\/\/jeffersonisac.adv.br\/index.php\/2023\/08\/21\/comissao-discute-proposta-que-cria-estatuto-dos-povos-ciganos\/"},"modified":"2023-08-21T22:18:29","modified_gmt":"2023-08-22T01:18:29","slug":"comissao-discute-proposta-que-cria-estatuto-dos-povos-ciganos","status":"publish","type":"post","link":"https:\/\/jeffersonisac.adv.br\/index.php\/2023\/08\/21\/comissao-discute-proposta-que-cria-estatuto-dos-povos-ciganos\/","title":{"rendered":"Comiss\u00e3o discute proposta que cria Estatuto dos Povos Ciganos"},"content":{"rendered":"<div class=\"image-container\">\n<div class=\"midia-creditos\"><em>Elza Fi\u00faza \/ Ag\u00eancia Brasil<\/em><\/div>\n<div class=\"media-wrapper\"><\/div>\n<div class=\"midia-legenda\">Projeto foi aprovado pelo Senado e tramita atualmente na C\u00e2mara dos Deputados<\/div>\n<\/div>\n<p>A Comiss\u00e3o de Direitos Humanos, Minorias e Igualdade Racial da C\u00e2mara dos Deputados promove audi\u00eancia na quinta-feira (24) para discutir a proposta (<a class=\"linkProposicao\" href=\"https:\/\/www.camara.leg.br\/noticias\/890777-proposta-do-senado-cria-o-estatuto-dos-povos-ciganos\">PL 1387\/22<\/a>) que cria o Estatuto dos Povos Ciganos.<\/p>\n<p>Entre outros pontos, o texto, do senador Paulo Paim (PT-RS), torna obrigat\u00f3ria a coleta peri\u00f3dica de informa\u00e7\u00f5es demogr\u00e1ficas sobre os povos ciganos, para que sirvam de subs\u00eddios na elabora\u00e7\u00e3o de pol\u00edticas p\u00fablicas.<\/p>\n<p>A iniciativa do debate \u00e9 da deputada Luizianne Lins (PT-CE). Segundo ela, o estatuto representar\u00e1 um avan\u00e7o na luta pela efetiva prote\u00e7\u00e3o dos direitos individuais e coletivos, pela valoriza\u00e7\u00e3o da cultura cigana e pela supera\u00e7\u00e3o de desigualdades e preconceitos historicamente enfrentados por essa comunidade.<\/p>\n<p>Paulo Paim e a consultora do Alto Comissariado para os Direitos Humanos da Organiza\u00e7\u00e3o das Na\u00e7\u00f5es Unidas (ONU) Aline Miklos est\u00e3o entre <a href=\"https:\/\/www.camara.leg.br\/evento-legislativo\/69296\">os convidados da audi\u00eancia p\u00fablica<\/a>.<\/p>\n<p>A reuni\u00e3o ser\u00e1 realizada no plen\u00e1rio 9, \u00e0s 10 horas.<\/p>","protected":false},"excerpt":{"rendered":"<p>Elza Fi\u00faza \/ Ag\u00eancia Brasil Projeto foi aprovado pelo Senado e tramita atualmente na C\u00e2mara dos Deputados A Comiss\u00e3o de Direitos Humanos, Minorias e Igualdade Racial da C\u00e2mara dos Deputados promove audi\u00eancia na quinta-feira (24) para discutir a proposta (PL 1387\/22) que cria o Estatuto dos Povos Ciganos. Entre outros pontos, o texto, do senador [&hellip;]<\/p>\n","protected":false},"author":0,"featured_media":0,"comment_status":"open","ping_status":"open","sticky":false,"template":"","format":"standard","meta":{"footnotes":""},"categories":[1],"tags":[],"_links":{"self":[{"href":"https:\/\/jeffersonisac.adv.br\/index.php\/wp-json\/wp\/v2\/posts\/1023"}],"collection":[{"href":"https:\/\/jeffersonisac.adv.br\/index.php\/wp-json\/wp\/v2\/posts"}],"about":[{"href":"https:\/\/jeffersonisac.adv.br\/index.php\/wp-json\/wp\/v2\/types\/post"}],"replies":[{"embeddable":true,"href":"https:\/\/jeffersonisac.adv.br\/index.php\/wp-json\/wp\/v2\/comments?post=1023"}],"version-history":[{"count":0,"href":"https:\/\/jeffersonisac.adv.br\/index.php\/wp-json\/wp\/v2\/posts\/1023\/revisions"}],"wp:attachment":[{"href":"https:\/\/jeffersonisac.adv.br\/index.php\/wp-json\/wp\/v2\/media?parent=1023"}],"wp:term":[{"taxonomy":"category","embeddable":true,"href":"https:\/\/jeffersonisac.adv.br\/index.php\/wp-json\/wp\/v2\/categories?post=1023"},{"taxonomy":"post_tag","embeddable":true,"href":"https:\/\/jeffersonisac.adv.br\/index.php\/wp-json\/wp\/v2\/tags?post=1023"}],"curies":[{"name":"wp","href":"https:\/\/api.w.org\/{rel}","templated":true}]}}