{"id":10262,"date":"2025-03-19T13:48:32","date_gmt":"2025-03-19T16:48:32","guid":{"rendered":"https:\/\/jeffersonisac.adv.br\/index.php\/2025\/03\/19\/ricardo-barros-e-eleito-presidente-da-comissao-de-ciencia-tecnologia-e-inovacao\/"},"modified":"2025-03-19T13:48:32","modified_gmt":"2025-03-19T16:48:32","slug":"ricardo-barros-e-eleito-presidente-da-comissao-de-ciencia-tecnologia-e-inovacao","status":"publish","type":"post","link":"https:\/\/jeffersonisac.adv.br\/index.php\/2025\/03\/19\/ricardo-barros-e-eleito-presidente-da-comissao-de-ciencia-tecnologia-e-inovacao\/","title":{"rendered":"Ricardo Barros \u00e9 eleito presidente da Comiss\u00e3o de Ci\u00eancia, Tecnologia e Inova\u00e7\u00e3o"},"content":{"rendered":"<div class=\"image-container\">\n<div class=\"media-wrapper\"><\/div>\n<div class=\"midia-legenda\">Ricardo Barros: &#8220;Precisamos trabalhar naquilo que podemos entregar&#8221;<\/div>\n<\/div>\n<p>A Comiss\u00e3o de Ci\u00eancia, Tecnologia e Inova\u00e7\u00e3o da C\u00e2mara dos Deputados elegeu nesta quarta-feira (19) o deputado Ricardo Barros (PP-PR) para presidente. A escolha dos tr\u00eas vice-presidentes ficou para outra data.<\/p>\n<p>\u201cTenho como lema a pol\u00edtica de resultados. Sempre falo que existe muita iniciativa e pouco \u2018acabativa\u2019, ent\u00e3o precisamos trabalhar naquilo que podemos entregar\u201d, afirmou o deputado Ricardo Barros logo ap\u00f3s assumir o cargo.<\/p>\n<p>\u201cAo final deste ano, precisamos conseguir oferecer \u00e0 sociedade brasileira algum avan\u00e7o, seja na pol\u00edtica de <em>data centers<\/em>, seja pol\u00edtica de intelig\u00eancia artificial, seja na energia para os <em>data centers<\/em> e assim ampliar a intelig\u00eancia artificial\u201d, avaliou.<\/p>\n<p><strong>Perfil<\/strong><br \/>\nRicardo Barros, 65 anos, est\u00e1 no sexto mandato de deputado federal. Foi ministro da Sa\u00fade entre 2016 e 2018, no governo Michel Temer. Em quatro oportunidades, licenciou-se da C\u00e2mara para ocupar a Secretaria de Ind\u00fastria, Com\u00e9rcio e Servi\u00e7os do Paran\u00e1.<\/p>\n<p><strong>Atribui\u00e7\u00f5es<\/strong><br \/>\nA Comiss\u00e3o de Ci\u00eancia, Tecnologia e Inova\u00e7\u00e3o analisa, entre outros temas, as pol\u00edticas nacionais de ci\u00eancia e de tecnologias da informa\u00e7\u00e3o, a coopera\u00e7\u00e3o com outros pa\u00edses e organismos internacionais e o desenvolvimento tecnol\u00f3gico.<\/p>","protected":false},"excerpt":{"rendered":"<p>Ricardo Barros: &#8220;Precisamos trabalhar naquilo que podemos entregar&#8221; A Comiss\u00e3o de Ci\u00eancia, Tecnologia e Inova\u00e7\u00e3o da C\u00e2mara dos Deputados elegeu nesta quarta-feira (19) o deputado Ricardo Barros (PP-PR) para presidente. A escolha dos tr\u00eas vice-presidentes ficou para outra data. \u201cTenho como lema a pol\u00edtica de resultados. Sempre falo que existe muita iniciativa e pouco \u2018acabativa\u2019, [&hellip;]<\/p>\n","protected":false},"author":0,"featured_media":0,"comment_status":"open","ping_status":"open","sticky":false,"template":"","format":"standard","meta":{"footnotes":""},"categories":[1],"tags":[],"_links":{"self":[{"href":"https:\/\/jeffersonisac.adv.br\/index.php\/wp-json\/wp\/v2\/posts\/10262"}],"collection":[{"href":"https:\/\/jeffersonisac.adv.br\/index.php\/wp-json\/wp\/v2\/posts"}],"about":[{"href":"https:\/\/jeffersonisac.adv.br\/index.php\/wp-json\/wp\/v2\/types\/post"}],"replies":[{"embeddable":true,"href":"https:\/\/jeffersonisac.adv.br\/index.php\/wp-json\/wp\/v2\/comments?post=10262"}],"version-history":[{"count":0,"href":"https:\/\/jeffersonisac.adv.br\/index.php\/wp-json\/wp\/v2\/posts\/10262\/revisions"}],"wp:attachment":[{"href":"https:\/\/jeffersonisac.adv.br\/index.php\/wp-json\/wp\/v2\/media?parent=10262"}],"wp:term":[{"taxonomy":"category","embeddable":true,"href":"https:\/\/jeffersonisac.adv.br\/index.php\/wp-json\/wp\/v2\/categories?post=10262"},{"taxonomy":"post_tag","embeddable":true,"href":"https:\/\/jeffersonisac.adv.br\/index.php\/wp-json\/wp\/v2\/tags?post=10262"}],"curies":[{"name":"wp","href":"https:\/\/api.w.org\/{rel}","templated":true}]}}