{"id":10270,"date":"2025-03-19T16:38:15","date_gmt":"2025-03-19T19:38:15","guid":{"rendered":"https:\/\/jeffersonisac.adv.br\/index.php\/2025\/03\/19\/marcelo-alvaro-antonio-e-eleito-presidente-da-comissao-de-turismo\/"},"modified":"2025-03-19T16:38:15","modified_gmt":"2025-03-19T19:38:15","slug":"marcelo-alvaro-antonio-e-eleito-presidente-da-comissao-de-turismo","status":"publish","type":"post","link":"https:\/\/jeffersonisac.adv.br\/index.php\/2025\/03\/19\/marcelo-alvaro-antonio-e-eleito-presidente-da-comissao-de-turismo\/","title":{"rendered":"Marcelo \u00c1lvaro Ant\u00f4nio \u00e9 eleito presidente da Comiss\u00e3o de Turismo"},"content":{"rendered":"<div class=\"image-container\">\n<div class=\"midia-creditos\"><em>Zeca Ribeiro \/ C\u00e2mara dos Deputados<\/em><\/div>\n<div class=\"media-wrapper\"><\/div>\n<div class=\"midia-legenda\">Marcelo \u00c1lvaro Ant\u00f4nio, eleito presidente da Comiss\u00e3o de Turismo<\/div>\n<\/div>\n<p>O deputado Marcelo \u00c1lvaro Ant\u00f4nio (PL-MG) foi eleito presidente da Comiss\u00e3o de Turismo da C\u00e2mara dos Deputados. Ele teve a unanimidade dos 16 votos. Ao tomar posse no cargo, o deputado lembrou a experi\u00eancia de ministro do Turismo, entre 2019 e 2020, para garantir apoio ao avan\u00e7o das pautas ligadas ao setor. \u201c\u00c9 uma das molas propulsoras da economia brasileira e tamb\u00e9m a forma mais r\u00e1pida, barata e eficiente para gerar emprego e renda para a popula\u00e7\u00e3o\u201d, disse.<\/p>\n<p>O novo presidente fez apelo de uni\u00e3o do setor para enfrentar desafios. Defendeu, por exemplo, a manuten\u00e7\u00e3o do Programa Emergencial de Retomada do Setor de Eventos (PERSE), em debate no Congresso Nacional. Esse programa foi fundamental para superar entraves dos agentes turismo durante e ap\u00f3s a pandemia de Covid-19. Apesar de integrar um partido da oposi\u00e7\u00e3o ao governo federal, o deputado elogiou a atual gest\u00e3o do ministro Celso Sabino, com quem pretende trabalhar em defesa dos temas consensuais.<\/p>\n<p><strong>Perfil<\/strong><br \/>\nMarcelo \u00c1lvaro Ant\u00f4nio \u00e9 empres\u00e1rio, est\u00e1 no terceiro mandato seguido de deputado federal e assume, pela primeira vez, o comando de uma comiss\u00e3o na C\u00e2mara. O deputado nasceu em Belo Horizonte, tem 51 anos e iniciou a atividade parlamentar em 2013, como vereador na capital mineira.<\/p>\n<p><strong>Atribui\u00e7\u00f5es<\/strong><br \/>\nEntre as atribui\u00e7\u00f5es da comiss\u00e3o, est\u00e1 o aperfei\u00e7oamento do Sistema Nacional de Turismo e da explora\u00e7\u00e3o das atividades e dos servi\u00e7os tur\u00edsticos. Tamb\u00e9m h\u00e1 colabora\u00e7\u00e3o com entidades p\u00fablicas e n\u00e3o-governamentais nacionais e internacionais que atuam na forma\u00e7\u00e3o da pol\u00edtica de turismo.<\/p>","protected":false},"excerpt":{"rendered":"<p>Zeca Ribeiro \/ C\u00e2mara dos Deputados Marcelo \u00c1lvaro Ant\u00f4nio, eleito presidente da Comiss\u00e3o de Turismo O deputado Marcelo \u00c1lvaro Ant\u00f4nio (PL-MG) foi eleito presidente da Comiss\u00e3o de Turismo da C\u00e2mara dos Deputados. Ele teve a unanimidade dos 16 votos. Ao tomar posse no cargo, o deputado lembrou a experi\u00eancia de ministro do Turismo, entre 2019 [&hellip;]<\/p>\n","protected":false},"author":0,"featured_media":0,"comment_status":"open","ping_status":"open","sticky":false,"template":"","format":"standard","meta":{"footnotes":""},"categories":[1],"tags":[],"_links":{"self":[{"href":"https:\/\/jeffersonisac.adv.br\/index.php\/wp-json\/wp\/v2\/posts\/10270"}],"collection":[{"href":"https:\/\/jeffersonisac.adv.br\/index.php\/wp-json\/wp\/v2\/posts"}],"about":[{"href":"https:\/\/jeffersonisac.adv.br\/index.php\/wp-json\/wp\/v2\/types\/post"}],"replies":[{"embeddable":true,"href":"https:\/\/jeffersonisac.adv.br\/index.php\/wp-json\/wp\/v2\/comments?post=10270"}],"version-history":[{"count":0,"href":"https:\/\/jeffersonisac.adv.br\/index.php\/wp-json\/wp\/v2\/posts\/10270\/revisions"}],"wp:attachment":[{"href":"https:\/\/jeffersonisac.adv.br\/index.php\/wp-json\/wp\/v2\/media?parent=10270"}],"wp:term":[{"taxonomy":"category","embeddable":true,"href":"https:\/\/jeffersonisac.adv.br\/index.php\/wp-json\/wp\/v2\/categories?post=10270"},{"taxonomy":"post_tag","embeddable":true,"href":"https:\/\/jeffersonisac.adv.br\/index.php\/wp-json\/wp\/v2\/tags?post=10270"}],"curies":[{"name":"wp","href":"https:\/\/api.w.org\/{rel}","templated":true}]}}