{"id":10281,"date":"2025-03-20T07:38:31","date_gmt":"2025-03-20T10:38:31","guid":{"rendered":"https:\/\/jeffersonisac.adv.br\/index.php\/2025\/03\/20\/proposta-estabelece-normas-gerais-para-a-administracao-publica\/"},"modified":"2025-03-20T07:38:31","modified_gmt":"2025-03-20T10:38:31","slug":"proposta-estabelece-normas-gerais-para-a-administracao-publica","status":"publish","type":"post","link":"https:\/\/jeffersonisac.adv.br\/index.php\/2025\/03\/20\/proposta-estabelece-normas-gerais-para-a-administracao-publica\/","title":{"rendered":"Proposta estabelece normas gerais para a administra\u00e7\u00e3o p\u00fablica"},"content":{"rendered":"<div class=\"image-container\">\n<div class=\"midia-creditos\"><em>Bruno Spada\/C\u00e2mara dos Deputados<\/em><\/div>\n<div class=\"media-wrapper\"><\/div>\n<div class=\"midia-legenda\">Ronaldo Nogueira, o autor da proposta<\/div>\n<\/div>\n<p>O Projeto de Lei 4121\/24 estabelece um marco regulat\u00f3rio para a administra\u00e7\u00e3o p\u00fablica, especialmente quanto a compet\u00eancias do Poder Executivo, abordando ainda a efici\u00eancia e a gest\u00e3o. O texto est\u00e1 em an\u00e1lise na C\u00e2mara dos Deputados.<\/p>\n<p>\u201cAo definir normas gerais para a administra\u00e7\u00e3o p\u00fablica, ests proposta consolida e simplifica a legisla\u00e7\u00e3o atual, contribuindo para maior seguran\u00e7a jur\u00eddica\u201d, explicou o autor do projeto, deputado Ronaldo Nogueira (Republicanos-RS).<\/p>\n<p><strong>Procedimentos uniformes<\/strong><br \/>\nO texto abrange o exerc\u00edcio da fun\u00e7\u00e3o administrativa, abrangendo atos, processos e mecanismos de controle. O objetivo \u00e9 uniformizar os procedimentos em todas as esferas de governo, buscando efici\u00eancia, transpar\u00eancia e presta\u00e7\u00e3o de contas.<\/p>\n<p>O projeto introduz regras que garantem o respeito \u00e0 legalidade, \u00e0 impessoalidade e \u00e0 proporcionalidade nas decis\u00f5es administrativas. Prev\u00ea ainda uma transi\u00e7\u00e3o, a fim de evitar preju\u00edzos aos cidad\u00e3os e garantir a adapta\u00e7\u00e3o gradual \u00e0s diretrizes.<\/p>\n<p>A proposta tamb\u00e9m disciplina a presta\u00e7\u00e3o de servi\u00e7os. \u00d3rg\u00e3os p\u00fablicos dever\u00e3o adotar ferramentas tecnol\u00f3gicas para otimizar os processos, al\u00e9m de garantir o acesso p\u00fablico a informa\u00e7\u00f5es e promover a participa\u00e7\u00e3o cidad\u00e3 na fiscaliza\u00e7\u00e3o.<\/p>\n<p><strong>Pr\u00f3ximos passos<\/strong><br \/>\nO projeto tramita em <span class=\"termoGlossario\">car\u00e1ter conclusivo<\/span> e ser\u00e1 analisado pelas comiss\u00f5es de Administra\u00e7\u00e3o e Servi\u00e7o P\u00fablico; e de Constitui\u00e7\u00e3o e Justi\u00e7a e de Cidadania. Para virar lei, ter\u00e1 de ser aprovado pela C\u00e2mara e pelo Senado.<\/p>\n<p><a href=\"https:\/\/www.camara.leg.br\/noticias\/573454-SAIBA-MAIS-SOBRE-A-TRAMITACAO-DE-PROJETOS-DE-LEI\">Saiba mais sobre a tramita\u00e7\u00e3o de projetos de lei<\/a><\/p>","protected":false},"excerpt":{"rendered":"<p>Bruno Spada\/C\u00e2mara dos Deputados Ronaldo Nogueira, o autor da proposta O Projeto de Lei 4121\/24 estabelece um marco regulat\u00f3rio para a administra\u00e7\u00e3o p\u00fablica, especialmente quanto a compet\u00eancias do Poder Executivo, abordando ainda a efici\u00eancia e a gest\u00e3o. O texto est\u00e1 em an\u00e1lise na C\u00e2mara dos Deputados. \u201cAo definir normas gerais para a administra\u00e7\u00e3o p\u00fablica, ests [&hellip;]<\/p>\n","protected":false},"author":0,"featured_media":0,"comment_status":"open","ping_status":"open","sticky":false,"template":"","format":"standard","meta":{"footnotes":""},"categories":[1],"tags":[],"_links":{"self":[{"href":"https:\/\/jeffersonisac.adv.br\/index.php\/wp-json\/wp\/v2\/posts\/10281"}],"collection":[{"href":"https:\/\/jeffersonisac.adv.br\/index.php\/wp-json\/wp\/v2\/posts"}],"about":[{"href":"https:\/\/jeffersonisac.adv.br\/index.php\/wp-json\/wp\/v2\/types\/post"}],"replies":[{"embeddable":true,"href":"https:\/\/jeffersonisac.adv.br\/index.php\/wp-json\/wp\/v2\/comments?post=10281"}],"version-history":[{"count":0,"href":"https:\/\/jeffersonisac.adv.br\/index.php\/wp-json\/wp\/v2\/posts\/10281\/revisions"}],"wp:attachment":[{"href":"https:\/\/jeffersonisac.adv.br\/index.php\/wp-json\/wp\/v2\/media?parent=10281"}],"wp:term":[{"taxonomy":"category","embeddable":true,"href":"https:\/\/jeffersonisac.adv.br\/index.php\/wp-json\/wp\/v2\/categories?post=10281"},{"taxonomy":"post_tag","embeddable":true,"href":"https:\/\/jeffersonisac.adv.br\/index.php\/wp-json\/wp\/v2\/tags?post=10281"}],"curies":[{"name":"wp","href":"https:\/\/api.w.org\/{rel}","templated":true}]}}