{"id":10293,"date":"2025-03-20T12:46:03","date_gmt":"2025-03-20T15:46:03","guid":{"rendered":"https:\/\/jeffersonisac.adv.br\/index.php\/2025\/03\/20\/camara-aprova-quatro-acordos-internacionais-propostas-vao-agora-ao-senado\/"},"modified":"2025-03-20T12:46:03","modified_gmt":"2025-03-20T15:46:03","slug":"camara-aprova-quatro-acordos-internacionais-propostas-vao-agora-ao-senado","status":"publish","type":"post","link":"https:\/\/jeffersonisac.adv.br\/index.php\/2025\/03\/20\/camara-aprova-quatro-acordos-internacionais-propostas-vao-agora-ao-senado\/","title":{"rendered":"C\u00e2mara aprova quatro acordos internacionais; propostas v\u00e3o agora ao Senado"},"content":{"rendered":"<div class=\"image-container\">\n<div class=\"midia-creditos\"><em>Kayo Magalh\u00e3es\/C\u00e2mara dos Deputados<\/em><\/div>\n<div class=\"media-wrapper\"><\/div>\n<div class=\"midia-legenda\">Deputados reunidos nessa quarta<\/div>\n<\/div>\n<p>O Plen\u00e1rio da C\u00e2mara dos Deputados aprovou, nesta quinta-feira (20), quatro projetos de decreto legislativo que tratam de acordos internacionais. Todas as propostas seguir\u00e3o agora para an\u00e1lise do Senado.<\/p>\n<p>Foram aprovados:<\/p>\n<p><a class=\"linkProposicao\" href=\"https:\/\/www.camara.leg.br\/noticias\/1138529-proposta-aprova-ajustes-em-acordo-do-mercosul-sobre-servicos-financeiros\">PDL 171\/22<\/a>, relatado pelo deputado Z\u00e9 Haroldo Cathedral (PSD-RR), com ajustes em protocolo do <span class=\"termoGlossario\">Mercosul<\/span>, assinado em 1997, para presta\u00e7\u00e3o de servi\u00e7os financeiros nos pa\u00edses do bloco;<br \/>\n<a class=\"linkProposicao\" href=\"https:\/\/www.camara.leg.br\/noticias\/934376-projeto-aprova-acordo-de-cooperacao-juridica-assinado-entre-brasil-e-india\">PDL 462\/22<\/a>, relatado pelo deputado Carlos Jordy (PL-RJ), que trata de acordo entre Brasil e \u00cdndia, assinado em 2020, para assist\u00eancia jur\u00eddica m\u00fatua em mat\u00e9ria penal;<br \/>\n<a class=\"linkProposicao\" href=\"https:\/\/www.camara.leg.br\/noticias\/1138526-proposta-aprova-protocolo-da-oit-para-combate-ao-trabalho-forcado\">PDL 323\/23<\/a>, relatado pela deputada Laura Carneiro (PSD-RJ), que trata de protocolo da Organiza\u00e7\u00e3o Internacional do Trabalho (OIT), adotado em 2014, para refor\u00e7ar o combate ao trabalho for\u00e7ado; e<br \/>\n<a class=\"linkProposicao\" href=\"https:\/\/www.camara.leg.br\/noticias\/1138524-proposta-aprova-acordo-entre-brasil-e-suecia-sobre-tecnologias-militares\">PDL 226\/24<\/a>, tamb\u00e9m relatado pela deputada Laura Carneiro, que trata de acordo entre Brasil e Su\u00e9cia, assinado em 2022, sobre o controle na exporta\u00e7\u00e3o de produtos e de tecnologia militar.<\/p>","protected":false},"excerpt":{"rendered":"<p>Kayo Magalh\u00e3es\/C\u00e2mara dos Deputados Deputados reunidos nessa quarta O Plen\u00e1rio da C\u00e2mara dos Deputados aprovou, nesta quinta-feira (20), quatro projetos de decreto legislativo que tratam de acordos internacionais. Todas as propostas seguir\u00e3o agora para an\u00e1lise do Senado. Foram aprovados: PDL 171\/22, relatado pelo deputado Z\u00e9 Haroldo Cathedral (PSD-RR), com ajustes em protocolo do Mercosul, assinado [&hellip;]<\/p>\n","protected":false},"author":0,"featured_media":0,"comment_status":"open","ping_status":"open","sticky":false,"template":"","format":"standard","meta":{"footnotes":""},"categories":[1],"tags":[],"_links":{"self":[{"href":"https:\/\/jeffersonisac.adv.br\/index.php\/wp-json\/wp\/v2\/posts\/10293"}],"collection":[{"href":"https:\/\/jeffersonisac.adv.br\/index.php\/wp-json\/wp\/v2\/posts"}],"about":[{"href":"https:\/\/jeffersonisac.adv.br\/index.php\/wp-json\/wp\/v2\/types\/post"}],"replies":[{"embeddable":true,"href":"https:\/\/jeffersonisac.adv.br\/index.php\/wp-json\/wp\/v2\/comments?post=10293"}],"version-history":[{"count":0,"href":"https:\/\/jeffersonisac.adv.br\/index.php\/wp-json\/wp\/v2\/posts\/10293\/revisions"}],"wp:attachment":[{"href":"https:\/\/jeffersonisac.adv.br\/index.php\/wp-json\/wp\/v2\/media?parent=10293"}],"wp:term":[{"taxonomy":"category","embeddable":true,"href":"https:\/\/jeffersonisac.adv.br\/index.php\/wp-json\/wp\/v2\/categories?post=10293"},{"taxonomy":"post_tag","embeddable":true,"href":"https:\/\/jeffersonisac.adv.br\/index.php\/wp-json\/wp\/v2\/tags?post=10293"}],"curies":[{"name":"wp","href":"https:\/\/api.w.org\/{rel}","templated":true}]}}