{"id":10337,"date":"2025-03-24T11:37:06","date_gmt":"2025-03-24T14:37:06","guid":{"rendered":"https:\/\/jeffersonisac.adv.br\/index.php\/2025\/03\/24\/comissao-externa-debate-atual-situacao-de-saude-no-territorio-yanomami\/"},"modified":"2025-03-24T11:37:06","modified_gmt":"2025-03-24T14:37:06","slug":"comissao-externa-debate-atual-situacao-de-saude-no-territorio-yanomami","status":"publish","type":"post","link":"https:\/\/jeffersonisac.adv.br\/index.php\/2025\/03\/24\/comissao-externa-debate-atual-situacao-de-saude-no-territorio-yanomami\/","title":{"rendered":"Comiss\u00e3o externa debate atual situa\u00e7\u00e3o de sa\u00fade no territ\u00f3rio Yanomami"},"content":{"rendered":"<div class=\"image-container\">\n<div class=\"midia-creditos\"><em>Fernando Fraz\u00e3o\/Ag\u00eancia Brasil<\/em><\/div>\n<div class=\"media-wrapper\"><\/div>\n<div class=\"midia-legenda\">Mulheres e crian\u00e7as na Terra Ind\u00edgena Yanomami<\/div>\n<\/div>\n<p>A comiss\u00e3o externa da C\u00e2mara dos Deputados que acompanha a crise humanit\u00e1ria dos ind\u00edgenas Yanomami na regi\u00e3o Norte do Pa\u00eds realiza audi\u00eancia p\u00fablica nesta ter\u00e7a-feira (25) para analisar a atual situa\u00e7\u00e3o de sa\u00fade no territ\u00f3rio.<\/p>\n<p>O debate foi pedido pela deputada Coronel Fernanda (PL-MT), presidente do colegiado, <a href=\"https:\/\/www.camara.leg.br\/noticias\/1062073-COMISSAO-EXTERNA-DA-CAMARA-VAI-INVESTIGAR-CRISE-HUMANITARIA-DE-YANOMAMIS\">criado em abril de 2024<\/a>.<\/p>\n<p>Ela explica que as reuni\u00f5es da comiss\u00e3o t\u00eam como objetivo identificar problemas, necessidades e dificuldades relacionadas \u00e0 crise humanit\u00e1ria na regi\u00e3o, &#8220;de modo que esta Casa possa trabalhar na constru\u00e7\u00e3o de medidas emergenciais para a seguran\u00e7a nacional e a constru\u00e7\u00e3o de solu\u00e7\u00f5es legislativas.&#8221;<\/p>\n<p>O debate ser\u00e1 realizado \u00e0s 10 horas, no plen\u00e1rio 16.<\/p>\n<p><a href=\"https:\/\/www.camara.leg.br\/evento-legislativo\/74534\">Veja quem foi convidado para a audi\u00eancia<\/a><\/p>","protected":false},"excerpt":{"rendered":"<p>Fernando Fraz\u00e3o\/Ag\u00eancia Brasil Mulheres e crian\u00e7as na Terra Ind\u00edgena Yanomami A comiss\u00e3o externa da C\u00e2mara dos Deputados que acompanha a crise humanit\u00e1ria dos ind\u00edgenas Yanomami na regi\u00e3o Norte do Pa\u00eds realiza audi\u00eancia p\u00fablica nesta ter\u00e7a-feira (25) para analisar a atual situa\u00e7\u00e3o de sa\u00fade no territ\u00f3rio. O debate foi pedido pela deputada Coronel Fernanda (PL-MT), presidente [&hellip;]<\/p>\n","protected":false},"author":0,"featured_media":0,"comment_status":"open","ping_status":"open","sticky":false,"template":"","format":"standard","meta":{"footnotes":""},"categories":[1],"tags":[],"_links":{"self":[{"href":"https:\/\/jeffersonisac.adv.br\/index.php\/wp-json\/wp\/v2\/posts\/10337"}],"collection":[{"href":"https:\/\/jeffersonisac.adv.br\/index.php\/wp-json\/wp\/v2\/posts"}],"about":[{"href":"https:\/\/jeffersonisac.adv.br\/index.php\/wp-json\/wp\/v2\/types\/post"}],"replies":[{"embeddable":true,"href":"https:\/\/jeffersonisac.adv.br\/index.php\/wp-json\/wp\/v2\/comments?post=10337"}],"version-history":[{"count":0,"href":"https:\/\/jeffersonisac.adv.br\/index.php\/wp-json\/wp\/v2\/posts\/10337\/revisions"}],"wp:attachment":[{"href":"https:\/\/jeffersonisac.adv.br\/index.php\/wp-json\/wp\/v2\/media?parent=10337"}],"wp:term":[{"taxonomy":"category","embeddable":true,"href":"https:\/\/jeffersonisac.adv.br\/index.php\/wp-json\/wp\/v2\/categories?post=10337"},{"taxonomy":"post_tag","embeddable":true,"href":"https:\/\/jeffersonisac.adv.br\/index.php\/wp-json\/wp\/v2\/tags?post=10337"}],"curies":[{"name":"wp","href":"https:\/\/api.w.org\/{rel}","templated":true}]}}