{"id":10340,"date":"2025-03-24T12:32:44","date_gmt":"2025-03-24T15:32:44","guid":{"rendered":"https:\/\/jeffersonisac.adv.br\/index.php\/2025\/03\/24\/projeto-preve-direito-de-usuario-de-telefonia-pre-paga-manter-linha-apos-termino-de-creditos\/"},"modified":"2025-03-24T12:32:44","modified_gmt":"2025-03-24T15:32:44","slug":"projeto-preve-direito-de-usuario-de-telefonia-pre-paga-manter-linha-apos-termino-de-creditos","status":"publish","type":"post","link":"https:\/\/jeffersonisac.adv.br\/index.php\/2025\/03\/24\/projeto-preve-direito-de-usuario-de-telefonia-pre-paga-manter-linha-apos-termino-de-creditos\/","title":{"rendered":"Projeto prev\u00ea direito de usu\u00e1rio de telefonia pr\u00e9-paga manter linha ap\u00f3s t\u00e9rmino de cr\u00e9ditos"},"content":{"rendered":"<div class=\"image-container\">\n<div class=\"midia-creditos\"><em>Claudio Reis\/C\u00e2mara dos Deputados<\/em><\/div>\n<div class=\"media-wrapper\"><\/div>\n<div class=\"midia-legenda\"><span>Beto Richa: &#8220;Prazo ex\u00edguo penaliza as pessoas mais pobres\u201d<\/span><\/div>\n<\/div>\n<p><span>O Projeto de Lei 4827\/24 estabelece o direito do usu\u00e1rio de servi\u00e7os de telefonia em modalidade pr\u00e9-paga de manter a linha telef\u00f4nica por prazo de pelo menos um ano ap\u00f3s o t\u00e9rmino dos cr\u00e9ditos ou de seu prazo de validade.\u00a0<\/span><\/p>\n<p><span>Em an\u00e1lise na C\u00e2mara dos Deputados, o texto inclui a medida na <a href=\"https:\/\/www2.camara.leg.br\/legin\/fed\/lei\/1997\/lei-9472-16-julho-1997-367735-norma-pl.html\">Lei Geral de Telecomunica\u00e7\u00f5es<\/a>.\u00a0<\/span><\/p>\n<p><span>Autor da proposta, o deputado Beto Richa (PSDB-PR) destaca que regulamentos da Ag\u00eancia Nacional de Telecomunica\u00e7\u00f5es (Anatel ) hoje permitem \u00e0 prestadora rescindir o contrato com usu\u00e1rio do servi\u00e7o pr\u00e9-pago ap\u00f3s transcorridos 75 dias do t\u00e9rmino dos cr\u00e9ditos ou do prazo de validade destes.\u00a0<\/span><\/p>\n<p><span>\u201cTrata-se de prazo desnecessariamente ex\u00edguo e que penaliza desproporcionalmente as pessoas mais pobres\u201d, avalia o parlamentar.<\/span><\/p>\n<p><span>\u00a0\u201cA consequ\u00eancia dessa previs\u00e3o regulamentar \u00e9 levar cidad\u00e3os de bem, que muitas vezes por um descuido ou mesmo por uma impossibilidade or\u00e7ament\u00e1ria transit\u00f3ria n\u00e3o puderam inserir cr\u00e9ditos em suas linhas pr\u00e9-pagas, a ficarem repentinamente desconectados e, desta forma obrigados a obter um novo n\u00famero telef\u00f4nico para poderem se reinserir na economia digital, sendo submetidos desta forma a todos os transtornos inerentes \u00e0 mudan\u00e7a de n\u00famero telef\u00f4nico\u201d, acrescenta.\u00a0<\/span><\/p>\n<p><span>Beto Richa ressalta que \u201ca medida n\u00e3o imp\u00f5e \u00e0s prestadoras o dever de prestar servi\u00e7o de telecomunica\u00e7\u00f5es gratuitamente a usu\u00e1rios inadimplentes, mas t\u00e3o somente a obriga\u00e7\u00e3o de n\u00e3o revender o n\u00famero telef\u00f4nico daquele usu\u00e1rio para outro pelo per\u00edodo proposto\u201d.\u00a0<\/span><\/p>\n<p><strong>Pr\u00f3ximos passos<\/strong><span><br \/>\n<\/span><span>A proposta ser\u00e1 analisada em <span class=\"termoGlossario\">car\u00e1ter conclusivo<\/span> pelas comiss\u00f5es de Comunica\u00e7\u00e3o; de Defesa do Consumidor; e de Constitui\u00e7\u00e3o e Justi\u00e7a e de Cidadania. Para virar lei, tem que ser aprovada pela C\u00e2mara e pelo Senado Federal.<\/span><\/p>\n<p><a href=\"https:\/\/www.camara.leg.br\/noticias\/573454-SAIBA-MAIS-SOBRE-A-TRAMITACAO-DE-PROJETOS-DE-LEI\">Saiba mais sobre a tramita\u00e7\u00e3o de projetos de lei<\/a><\/p>","protected":false},"excerpt":{"rendered":"<p>Claudio Reis\/C\u00e2mara dos Deputados Beto Richa: &#8220;Prazo ex\u00edguo penaliza as pessoas mais pobres\u201d O Projeto de Lei 4827\/24 estabelece o direito do usu\u00e1rio de servi\u00e7os de telefonia em modalidade pr\u00e9-paga de manter a linha telef\u00f4nica por prazo de pelo menos um ano ap\u00f3s o t\u00e9rmino dos cr\u00e9ditos ou de seu prazo de validade.\u00a0 Em an\u00e1lise [&hellip;]<\/p>\n","protected":false},"author":0,"featured_media":0,"comment_status":"open","ping_status":"open","sticky":false,"template":"","format":"standard","meta":{"footnotes":""},"categories":[1],"tags":[],"_links":{"self":[{"href":"https:\/\/jeffersonisac.adv.br\/index.php\/wp-json\/wp\/v2\/posts\/10340"}],"collection":[{"href":"https:\/\/jeffersonisac.adv.br\/index.php\/wp-json\/wp\/v2\/posts"}],"about":[{"href":"https:\/\/jeffersonisac.adv.br\/index.php\/wp-json\/wp\/v2\/types\/post"}],"replies":[{"embeddable":true,"href":"https:\/\/jeffersonisac.adv.br\/index.php\/wp-json\/wp\/v2\/comments?post=10340"}],"version-history":[{"count":0,"href":"https:\/\/jeffersonisac.adv.br\/index.php\/wp-json\/wp\/v2\/posts\/10340\/revisions"}],"wp:attachment":[{"href":"https:\/\/jeffersonisac.adv.br\/index.php\/wp-json\/wp\/v2\/media?parent=10340"}],"wp:term":[{"taxonomy":"category","embeddable":true,"href":"https:\/\/jeffersonisac.adv.br\/index.php\/wp-json\/wp\/v2\/categories?post=10340"},{"taxonomy":"post_tag","embeddable":true,"href":"https:\/\/jeffersonisac.adv.br\/index.php\/wp-json\/wp\/v2\/tags?post=10340"}],"curies":[{"name":"wp","href":"https:\/\/api.w.org\/{rel}","templated":true}]}}