{"id":10345,"date":"2025-03-24T16:29:18","date_gmt":"2025-03-24T19:29:18","guid":{"rendered":"https:\/\/jeffersonisac.adv.br\/index.php\/2025\/03\/24\/governo-deve-recompor-r-145-bilhoes-do-orcamento-ao-longo-deste-ano\/"},"modified":"2025-03-24T16:29:18","modified_gmt":"2025-03-24T19:29:18","slug":"governo-deve-recompor-r-145-bilhoes-do-orcamento-ao-longo-deste-ano","status":"publish","type":"post","link":"https:\/\/jeffersonisac.adv.br\/index.php\/2025\/03\/24\/governo-deve-recompor-r-145-bilhoes-do-orcamento-ao-longo-deste-ano\/","title":{"rendered":"Governo deve recompor R$ 14,5 bilh\u00f5es do Or\u00e7amento ao longo deste ano"},"content":{"rendered":"<div class=\"image-container\">\n<div class=\"midia-creditos\"><em>Bruno Spada\/C\u00e2mara dos Deputados<\/em><\/div>\n<div class=\"media-wrapper\"><\/div>\n<div class=\"midia-legenda\">Angelo Coronel: emendas parlamentares s\u00e3o importantes para alocar recursos para cidades longe dos grandes centros<\/div>\n<\/div>\n<p>O governo deve complementar ao longo do ano os recursos do Or\u00e7amento de 2025 em pelo menos R$ 14,5 bilh\u00f5es para atender o programa P\u00e9-de-Meia (R$ 12 bilh\u00f5es) e a Lei Aldir Blanc de fomento \u00e0 Cultura (R$ 2,5 bilh\u00f5es). O relator do Or\u00e7amento de 2025 (<a class=\"linkProposicao\" href=\"https:\/\/www.camara.leg.br\/noticias\/1093250-governo-preve-salario-minimo-de-2025-em-r-1-509-com-aumento-de-687-em-relacao-ao-atual\">PLN 26\/24<\/a>), senador Angelo Coronel (PSD-BA), disse que o governo est\u00e1 apenas usando as regras legais e os prazos que t\u00eam para fazer estas adequa\u00e7\u00f5es.<\/p>\n<p>Apesar de o Or\u00e7amento prever um super\u00e1vit de R$ 15 bilh\u00f5es para 2025, este dinheiro n\u00e3o pode ser usado para aumentar o total das despesas porque existe um teto de gastos definido pelo arcabou\u00e7o fiscal (LC 200\/23). Portanto, as mudan\u00e7as ter\u00e3o de ser feitas com remanejamentos or\u00e7ament\u00e1rios.<\/p>\n<p>No caso do P\u00e9-de-Meia, segundo o senador, o Or\u00e7amento tem R$ 1 bilh\u00e3o reservado e o restante ser\u00e1 complementado at\u00e9 junho, quando vence o prazo de 120 dias que o Tribunal de Contas da Uni\u00e3o estabeleceu.<\/p>\n<p>J\u00e1 a Lei Aldir Blanc sofreu um corte de R$ 2,5 bilh\u00f5es nos R$ 3 bilh\u00f5es esperados para o ano; mas o governo j\u00e1 divulgou nota, informando que tudo ser\u00e1 recomposto. De acordo com a nota, essa recomposi\u00e7\u00e3o pode ser feita por ato do Executivo porque a despesa \u00e9 considerada obrigat\u00f3ria.<\/p>\n<p>J\u00e1 a recomposi\u00e7\u00e3o do P\u00e9-de-Meia ser\u00e1 feita por projetos de Lei do Congresso Nacional com pedidos de suplementa\u00e7\u00e3o do Or\u00e7amento.<\/p>\n<p>O relator do Or\u00e7amento contou que alguns cortes foram enviados pelo governo antes da vota\u00e7\u00e3o do Or\u00e7amento no \u00faltimo dia 20 para atender as demandas das emendas de comiss\u00f5es permanentes da C\u00e2mara e do Senado.<\/p>\n<p>O senador Angelo Coronel explicou ainda que as emendas cumprem um papel importante dentro do Or\u00e7amento. \u201cMuitas vezes, o governo e seus t\u00e9cnicos n\u00e3o sabem onde \u00e9 que ficam aquelas cidades, longe dos grandes centros urbanos. \u00c9 importante ouvir o prefeito, o vereador, os deputados que representam essa cidade, o senador, para que eles fa\u00e7am a aloca\u00e7\u00e3o de recursos diretamente para atender essas localidades.\u201d<\/p>\n<p>Ap\u00f3s a san\u00e7\u00e3o do Or\u00e7amento, o governo j\u00e1 informou que vai enviar projeto de lei ao Congresso para elevar o limite de isen\u00e7\u00e3o da tabela do Imposto de Renda para dois sal\u00e1rios m\u00ednimos ainda neste ano. Ou seja, aumentar a isen\u00e7\u00e3o de R$ 2.824 para R$ 3.036,00.<\/p>\n<p><a href=\"https:\/\/www.camara.leg.br\/noticias\/866636-conheca-o-ciclo-orcamentario-federal\/\">Conhe\u00e7a o ciclo or\u00e7ament\u00e1rio federal<\/a><\/p>","protected":false},"excerpt":{"rendered":"<p>Bruno Spada\/C\u00e2mara dos Deputados Angelo Coronel: emendas parlamentares s\u00e3o importantes para alocar recursos para cidades longe dos grandes centros O governo deve complementar ao longo do ano os recursos do Or\u00e7amento de 2025 em pelo menos R$ 14,5 bilh\u00f5es para atender o programa P\u00e9-de-Meia (R$ 12 bilh\u00f5es) e a Lei Aldir Blanc de fomento \u00e0 [&hellip;]<\/p>\n","protected":false},"author":0,"featured_media":0,"comment_status":"open","ping_status":"open","sticky":false,"template":"","format":"standard","meta":{"footnotes":""},"categories":[1],"tags":[],"_links":{"self":[{"href":"https:\/\/jeffersonisac.adv.br\/index.php\/wp-json\/wp\/v2\/posts\/10345"}],"collection":[{"href":"https:\/\/jeffersonisac.adv.br\/index.php\/wp-json\/wp\/v2\/posts"}],"about":[{"href":"https:\/\/jeffersonisac.adv.br\/index.php\/wp-json\/wp\/v2\/types\/post"}],"replies":[{"embeddable":true,"href":"https:\/\/jeffersonisac.adv.br\/index.php\/wp-json\/wp\/v2\/comments?post=10345"}],"version-history":[{"count":0,"href":"https:\/\/jeffersonisac.adv.br\/index.php\/wp-json\/wp\/v2\/posts\/10345\/revisions"}],"wp:attachment":[{"href":"https:\/\/jeffersonisac.adv.br\/index.php\/wp-json\/wp\/v2\/media?parent=10345"}],"wp:term":[{"taxonomy":"category","embeddable":true,"href":"https:\/\/jeffersonisac.adv.br\/index.php\/wp-json\/wp\/v2\/categories?post=10345"},{"taxonomy":"post_tag","embeddable":true,"href":"https:\/\/jeffersonisac.adv.br\/index.php\/wp-json\/wp\/v2\/tags?post=10345"}],"curies":[{"name":"wp","href":"https:\/\/api.w.org\/{rel}","templated":true}]}}