{"id":10360,"date":"2025-03-25T15:24:02","date_gmt":"2025-03-25T18:24:02","guid":{"rendered":"https:\/\/jeffersonisac.adv.br\/index.php\/2025\/03\/25\/projeto-institui-politica-de-atencao-a-saude-de-mulheres-na-menopausa\/"},"modified":"2025-03-25T15:24:02","modified_gmt":"2025-03-25T18:24:02","slug":"projeto-institui-politica-de-atencao-a-saude-de-mulheres-na-menopausa","status":"publish","type":"post","link":"https:\/\/jeffersonisac.adv.br\/index.php\/2025\/03\/25\/projeto-institui-politica-de-atencao-a-saude-de-mulheres-na-menopausa\/","title":{"rendered":"Projeto institui pol\u00edtica de aten\u00e7\u00e3o \u00e0 sa\u00fade de mulheres na menopausa"},"content":{"rendered":"<div class=\"image-container\">\n<div class=\"midia-creditos\"><em>Vinicius Loures\/C\u00e2mara dos Deputados<\/em><\/div>\n<div class=\"media-wrapper\"><\/div>\n<div class=\"midia-legenda\"><span>Silvye Alves: mulheres na menopausa enfrentam discrimina\u00e7\u00e3o e falta de acolhimento<\/span><\/div>\n<\/div>\n<p><span>O Projeto de Lei 4504\/24 institui a Pol\u00edtica Nacional de Aten\u00e7\u00e3o Integral \u00e0 Sa\u00fade e Qualidade de Vida de Mulheres na Menopausa. O objetivo \u00e9 promover, assegurar e integrar a\u00e7\u00f5es voltadas \u00e0 sa\u00fade f\u00edsica, emocional e social das mulheres na fase da menopausa e climat\u00e9rio, garantindo mais qualidade de vida.\u00a0<\/span><\/p>\n<p><span>Pela proposta, em an\u00e1lise na C\u00e2mara dos Deputados, a pol\u00edtica nacional tamb\u00e9m dever\u00e1:<\/span><\/p>\n<p><span>prevenir e tratar os sintomas e condi\u00e7\u00f5es associadas \u00e0 menopausa, como osteoporose, doen\u00e7as cardiovasculares e altera\u00e7\u00f5es emocionais;<\/span><br \/>\n<span>ampliar o acesso a medicamentos, terapias e exames necess\u00e1rios para mulheres na menopausa, sem \u00f4nus para as usu\u00e1rias do Sistema \u00danico de Sa\u00fade (SUS);<\/span><br \/>\n<span>estimular a cria\u00e7\u00e3o de programas de apoio psicossocial e grupos de acolhimento para mulheres na menopausa;<\/span><br \/>\n<span>executar a\u00e7\u00f5es educativas em institui\u00e7\u00f5es de ensino e comunidades para promover uma cultura de respeito e conscientiza\u00e7\u00e3o; e<\/span><br \/>\n<span>implantar medidas no ambiente de trabalho, como suporte psicol\u00f3gico, para acolher mulheres na menopausa.<\/span><\/p>\n<p><span>Ainda conforme o texto, o Minist\u00e9rio da Sa\u00fade e o Minist\u00e9rio das Mulheres dever\u00e3o:<\/span><\/p>\n<p><span>\u00a0elaborar planos estrat\u00e9gicos e materiais did\u00e1ticos para a realiza\u00e7\u00e3o da pol\u00edtica em \u00e2mbito nacional;<\/span><br \/>\n<span>criar indicadores para monitorar e avaliar os impactos das a\u00e7\u00f5es relacionadas \u00e0 sa\u00fade da mulher na menopausa; e<\/span><br \/>\n<span>capacitar profissionais da sa\u00fade para atender \u00e0s necessidades espec\u00edficas das mulheres na menopausa, assegurando forma\u00e7\u00e3o cont\u00ednua.\u00a0<\/span><\/p>\n<p><span>Os estados, o Distrito Federal e os munic\u00edpios poder\u00e3o criar programas locais, respeitando as especificidades regionais. O texto tamb\u00e9m cria a Semana Nacional de Conscientiza\u00e7\u00e3o sobre a Menopausa, a ser realizada anualmente na segunda semana de outubro, com o intuito de promover debates, campanhas e atividades educativas.<\/span><\/p>\n<p><span><strong>Pouca aten\u00e7\u00e3o<\/strong><br \/>\nAutora da proposta, a deputada Silvye Alves (Uni\u00e3o-GO) afirma que a menopausa \u00e9 um tema pouco discutido e insuficientemente tratado no SUS e em outras esferas de aten\u00e7\u00e3o p\u00fablica.\u00a0<\/span><\/p>\n<p><span>\u201cMuitas mulheres enfrentam dificuldades no acesso a tratamentos, medicamentos e suporte adequado para lidar com os impactos dessa fase, como ondas de calor, ins\u00f4nia, depress\u00e3o, ansiedade, perda de massa \u00f3ssea e outras condi\u00e7\u00f5es associadas\u201d, disse.\u00a0<\/span><\/p>\n<p><span>\u201cNo ambiente de trabalho, as mulheres na menopausa enfrentam discrimina\u00e7\u00e3o e falta de acolhimento, o que afeta sua qualidade de vida e produtividade\u201d, acrescentou Silvye.\u00a0<\/span><\/p>\n<p><span>Na vis\u00e3o da parlamentar, \u201ccampanhas de conscientiza\u00e7\u00e3o e a concretiza\u00e7\u00e3o de pol\u00edticas espec\u00edficas para garantir direitos e oferecer suporte s\u00e3o essenciais para combater o estigma e promover a inclus\u00e3o dessas mulheres\u201d.\u00a0<\/span><\/p>\n<p><strong>Pr\u00f3ximos passos<\/strong><span><br \/>\n<\/span><span>A proposta, que tramita em <span class=\"termoGlossario\">car\u00e1ter conclusivo<\/span>, ser\u00e1 analisada pelas c<\/span><span>omiss\u00f5es de Defesa dos Direitos da Mulher; de Sa\u00fade; de Finan\u00e7as e Tributa\u00e7\u00e3o; e de Constitui\u00e7\u00e3o e Justi\u00e7a e de Cidadania. Para virar lei, tem que ser aprovada pela C\u00e2mara e pelo Senado.\u00a0\u00a0<\/span><\/p>\n<p><a href=\"https:\/\/www.camara.leg.br\/noticias\/573454-SAIBA-MAIS-SOBRE-A-TRAMITACAO-DE-PROJETOS-DE-LEI\">Saiba mais sobre a tramita\u00e7\u00e3o de projetos de lei<\/a><\/p>\n<p>\u00a0<\/p>\n<div><\/div>\n<p>\u00a0<\/p>","protected":false},"excerpt":{"rendered":"<p>Vinicius Loures\/C\u00e2mara dos Deputados Silvye Alves: mulheres na menopausa enfrentam discrimina\u00e7\u00e3o e falta de acolhimento O Projeto de Lei 4504\/24 institui a Pol\u00edtica Nacional de Aten\u00e7\u00e3o Integral \u00e0 Sa\u00fade e Qualidade de Vida de Mulheres na Menopausa. O objetivo \u00e9 promover, assegurar e integrar a\u00e7\u00f5es voltadas \u00e0 sa\u00fade f\u00edsica, emocional e social das mulheres na [&hellip;]<\/p>\n","protected":false},"author":0,"featured_media":0,"comment_status":"open","ping_status":"open","sticky":false,"template":"","format":"standard","meta":{"footnotes":""},"categories":[1],"tags":[],"_links":{"self":[{"href":"https:\/\/jeffersonisac.adv.br\/index.php\/wp-json\/wp\/v2\/posts\/10360"}],"collection":[{"href":"https:\/\/jeffersonisac.adv.br\/index.php\/wp-json\/wp\/v2\/posts"}],"about":[{"href":"https:\/\/jeffersonisac.adv.br\/index.php\/wp-json\/wp\/v2\/types\/post"}],"replies":[{"embeddable":true,"href":"https:\/\/jeffersonisac.adv.br\/index.php\/wp-json\/wp\/v2\/comments?post=10360"}],"version-history":[{"count":0,"href":"https:\/\/jeffersonisac.adv.br\/index.php\/wp-json\/wp\/v2\/posts\/10360\/revisions"}],"wp:attachment":[{"href":"https:\/\/jeffersonisac.adv.br\/index.php\/wp-json\/wp\/v2\/media?parent=10360"}],"wp:term":[{"taxonomy":"category","embeddable":true,"href":"https:\/\/jeffersonisac.adv.br\/index.php\/wp-json\/wp\/v2\/categories?post=10360"},{"taxonomy":"post_tag","embeddable":true,"href":"https:\/\/jeffersonisac.adv.br\/index.php\/wp-json\/wp\/v2\/tags?post=10360"}],"curies":[{"name":"wp","href":"https:\/\/api.w.org\/{rel}","templated":true}]}}