{"id":1041,"date":"2023-08-22T14:15:17","date_gmt":"2023-08-22T17:15:17","guid":{"rendered":"https:\/\/jeffersonisac.adv.br\/index.php\/2023\/08\/22\/comissao-de-agricultura-debate-projeto-que-proibe-pesca-de-arrasto-no-pais\/"},"modified":"2023-08-22T14:15:17","modified_gmt":"2023-08-22T17:15:17","slug":"comissao-de-agricultura-debate-projeto-que-proibe-pesca-de-arrasto-no-pais","status":"publish","type":"post","link":"https:\/\/jeffersonisac.adv.br\/index.php\/2023\/08\/22\/comissao-de-agricultura-debate-projeto-que-proibe-pesca-de-arrasto-no-pais\/","title":{"rendered":"Comiss\u00e3o de Agricultura debate projeto que pro\u00edbe pesca de arrasto no Pa\u00eds"},"content":{"rendered":"<div class=\"image-container\">\n<div class=\"midia-creditos\"><em>Cleia Viana\/C\u00e2mara dos Deputados<\/em><\/div>\n<div class=\"media-wrapper\"><\/div>\n<div class=\"midia-legenda\">Deputado Raimundo Costa \u00e9 o relator do projeto<\/div>\n<\/div>\n<p>A Comiss\u00e3o de Agricultura, Pecu\u00e1ria, Abastecimento e Desenvolvimento Rural da C\u00e2mara dos Deputados realiza audi\u00eancia p\u00fablica nesta quinta-feira (24) para discutir os impactos ambientais, produtivos e socioecon\u00f4micos do <a class=\"linkProposicao\" href=\"https:\/\/www.camara.leg.br\/noticias\/857250-projeto-proibe-pesca-de-arrasto-puxada-por-embarcacoes-motorizadas-em-todo-o-pais\">Projeto de Lei 347\/22<\/a>. O texto est\u00e1 em an\u00e1lise na comiss\u00e3o e o debate foi solicitado pelo deputado Raimundo Costa (Pode-BA), relator da mat\u00e9ria.<\/p>\n<p>O PL pro\u00edbe a pesca de arrasto \u2013 puxada por embarca\u00e7\u00f5es motorizadas \u2013 em \u00e1guas continentais (rios e lagos), no mar territorial (22 km do litoral) e na zona econ\u00f4mica exclusiva do Pa\u00eds (at\u00e9 370 km da costa). A proposta altera a Pol\u00edtica Nacional de Desenvolvimento Sustent\u00e1vel da Aquicultura e da Pesca (<a class=\"linkLegislacao\" href=\"https:\/\/www2.camara.gov.br\/legin\/fed\/lei\/2009\/lei-11959-29-junho-2009-589114-norma-pl.html\">Lei 11.959\/09<\/a>) tamb\u00e9m para prever um sistema nacional de controle da origem do pescado. O projeto j\u00e1 foi aprovado <a href=\"https:\/\/www.camara.leg.br\/noticias\/923710-COMISSAO-APROVA-PROIBICAO-A-PESCA-DE-ARRASTO\">pela Comiss\u00e3o de Meio Ambiente e Desenvolvimento Sustent\u00e1vel<\/a>.<\/p>\n<p>&#8220;O debate \u00e9 de suma import\u00e2ncia para forma\u00e7\u00e3o de ju\u00edzo acerca do m\u00e9rito e dos impactos ambientais, produtivos e socioecon\u00f4micos que a poss\u00edvel aprova\u00e7\u00e3o dessa lei pode produzir. A citada proposta de lei altera drasticamente o modo como a grande ind\u00fastria de pescado produz como tamb\u00e9m o modo de vida de milh\u00f5es de pescadores e pescadoras artesanais&#8221;, argumenta Raimundo Costa.<\/p>\n<p><strong>Convidados<\/strong><br \/>\nForam convidados para discutir o assunto com os parlamentares, entre outros:<br \/>\n&#8211; o diretor do Departamento Pesqueiros e Ordenamento, do Minist\u00e9rio da Pesca e Aquicultura, Jocemar Tomasino Mendon\u00e7a;<br \/>\n&#8211; o presidente da Confedera\u00e7\u00e3o Nacional de Pescadores e Aquicultores (CNPA), Edivando Soares de Ara\u00fajo;<br \/>\n&#8211; o diretor-executivo da Associa\u00e7\u00e3o Brasileira das Ind\u00fastrias de Pescados (Abipesca), Jairo Gund.<\/p>\n<p><a href=\"https:\/\/www.camara.leg.br\/evento-legislativo\/69410\">Confira a lista completa de convidados<\/a><\/p>\n<p>A audi\u00eancia est\u00e1 marcada para as 10 horas, no plen\u00e1rio 6.<\/p>","protected":false},"excerpt":{"rendered":"<p>Cleia Viana\/C\u00e2mara dos Deputados Deputado Raimundo Costa \u00e9 o relator do projeto A Comiss\u00e3o de Agricultura, Pecu\u00e1ria, Abastecimento e Desenvolvimento Rural da C\u00e2mara dos Deputados realiza audi\u00eancia p\u00fablica nesta quinta-feira (24) para discutir os impactos ambientais, produtivos e socioecon\u00f4micos do Projeto de Lei 347\/22. O texto est\u00e1 em an\u00e1lise na comiss\u00e3o e o debate foi [&hellip;]<\/p>\n","protected":false},"author":0,"featured_media":0,"comment_status":"open","ping_status":"open","sticky":false,"template":"","format":"standard","meta":{"footnotes":""},"categories":[1],"tags":[],"_links":{"self":[{"href":"https:\/\/jeffersonisac.adv.br\/index.php\/wp-json\/wp\/v2\/posts\/1041"}],"collection":[{"href":"https:\/\/jeffersonisac.adv.br\/index.php\/wp-json\/wp\/v2\/posts"}],"about":[{"href":"https:\/\/jeffersonisac.adv.br\/index.php\/wp-json\/wp\/v2\/types\/post"}],"replies":[{"embeddable":true,"href":"https:\/\/jeffersonisac.adv.br\/index.php\/wp-json\/wp\/v2\/comments?post=1041"}],"version-history":[{"count":0,"href":"https:\/\/jeffersonisac.adv.br\/index.php\/wp-json\/wp\/v2\/posts\/1041\/revisions"}],"wp:attachment":[{"href":"https:\/\/jeffersonisac.adv.br\/index.php\/wp-json\/wp\/v2\/media?parent=1041"}],"wp:term":[{"taxonomy":"category","embeddable":true,"href":"https:\/\/jeffersonisac.adv.br\/index.php\/wp-json\/wp\/v2\/categories?post=1041"},{"taxonomy":"post_tag","embeddable":true,"href":"https:\/\/jeffersonisac.adv.br\/index.php\/wp-json\/wp\/v2\/tags?post=1041"}],"curies":[{"name":"wp","href":"https:\/\/api.w.org\/{rel}","templated":true}]}}