{"id":10425,"date":"2025-03-27T12:24:03","date_gmt":"2025-03-27T15:24:03","guid":{"rendered":"https:\/\/jeffersonisac.adv.br\/index.php\/2025\/03\/27\/comissao-aprova-projeto-que-preve-uso-de-algoritmo-no-combate-a-crimes-contra-criancas\/"},"modified":"2025-03-27T12:24:03","modified_gmt":"2025-03-27T15:24:03","slug":"comissao-aprova-projeto-que-preve-uso-de-algoritmo-no-combate-a-crimes-contra-criancas","status":"publish","type":"post","link":"https:\/\/jeffersonisac.adv.br\/index.php\/2025\/03\/27\/comissao-aprova-projeto-que-preve-uso-de-algoritmo-no-combate-a-crimes-contra-criancas\/","title":{"rendered":"Comiss\u00e3o aprova projeto que prev\u00ea uso de algoritmo no combate a crimes contra crian\u00e7as"},"content":{"rendered":"<div class=\"image-container\">\n<div class=\"midia-creditos\"><em>Vinicius Loures\/C\u00e2mara dos Deputados<\/em><\/div>\n<div class=\"media-wrapper\"><\/div>\n<div class=\"midia-legenda\">Laura Carneiro: medida contribui para identificar padr\u00f5es suspeitos em plataformas digitais<\/div>\n<\/div>\n<p>A Comiss\u00e3o de Previd\u00eancia, Assist\u00eancia Social, Inf\u00e2ncia, Adolesc\u00eancia e Fam\u00edlia da C\u00e2mara dos Deputados aprovou o <a class=\"linkProposicao\" href=\"https:\/\/www.camara.leg.br\/noticias\/1102611-projeto-preve-uso-de-algoritmo-no-combate-a-crimes-contra-criancas-e-adolescentes-na-rede\">Projeto de Lei 3287\/24<\/a>, que prev\u00ea o uso, pela pol\u00edcia, de sistema informatizado com base em algoritmo para combater crimes contra crian\u00e7as e adolescentes em ambientes virtuais.<\/p>\n<p>A proposta, da deputada Rog\u00e9ria Santos (Republicanos-BA), foi aprovada por recomenda\u00e7\u00e3o da relatora, deputada Laura Carneiro (PSD-RJ).<\/p>\n<p>Policiamento preditivo \u00e9 definido, no projeto, como o uso de t\u00e9cnicas estat\u00edsticas, algoritmos, an\u00e1lise de dados e tecnologias avan\u00e7adas para identificar padr\u00f5es e prever onde e quando crimes podem ocorrer, permitindo a antecipa\u00e7\u00e3o e a preven\u00e7\u00e3o de atividades criminosas.<\/p>\n<p>O texto estabelece um protocolo de atendimento e interven\u00e7\u00e3o imediata da pol\u00edcia em rela\u00e7\u00e3o a poss\u00edveis v\u00edtimas. A ideia \u00e9 que a tecnologia facilite uma abordagem policial preventiva em rela\u00e7\u00e3o a esses crimes, a partir da coopera\u00e7\u00e3o entre as pol\u00edcias, os \u00f3rg\u00e3os de justi\u00e7a e a rede de prote\u00e7\u00e3o social. Caber\u00e1 ao poder p\u00fablico elaborar o protocolo.<\/p>\n<p><strong>Respostas mais r\u00e1pidas<\/strong><br \/>\nNa avalia\u00e7\u00e3o de Laura Carneiro, a an\u00e1lise de dados, a integra\u00e7\u00e3o de diferentes \u00f3rg\u00e3os p\u00fablicos e o policiamento preditivo poder\u00e3o contribuir para identificar padr\u00f5es suspeitos em plataformas digitais.<\/p>\n<p>\u201cO projeto proporciona maior efici\u00eancia na coleta e na an\u00e1lise de informa\u00e7\u00f5es, redu\u00e7\u00e3o de lacunas administrativas e respostas mais r\u00e1pidas e coordenadas para prevenir crimes contra crian\u00e7as e adolescentes\u201d, afirmou.<\/p>\n<p>A relatora destacou que o texto tamb\u00e9m disp\u00f5e sobre o respeito aos direitos humanos e ao sigilo das informa\u00e7\u00f5es sens\u00edveis eventualmente coletadas.<\/p>\n<p><strong>Pr\u00f3ximos passos<\/strong><br \/>\nA proposta tramita em <span class=\"termoGlossario\">car\u00e1ter conclusivo<\/span> e ainda ser\u00e1 analisada pelas comiss\u00f5es de Seguran\u00e7a P\u00fablica e Combate ao Crime Organizado; de Finan\u00e7as e Tributa\u00e7\u00e3o; e de Constitui\u00e7\u00e3o e Justi\u00e7a e de Cidadania. Para virar lei, o texto precisa ser aprovado pela C\u00e2mara e pelo Senado Federal.<\/p>\n<p><a href=\"https:\/\/www.camara.leg.br\/noticias\/573454-SAIBA-MAIS-SOBRE-A-TRAMITACAO-DE-PROJETOS-DE-LEI\">Saiba mais sobre a tramita\u00e7\u00e3o de projetos de lei<\/a><\/p>\n<p>\u00a0<\/p>","protected":false},"excerpt":{"rendered":"<p>Vinicius Loures\/C\u00e2mara dos Deputados Laura Carneiro: medida contribui para identificar padr\u00f5es suspeitos em plataformas digitais A Comiss\u00e3o de Previd\u00eancia, Assist\u00eancia Social, Inf\u00e2ncia, Adolesc\u00eancia e Fam\u00edlia da C\u00e2mara dos Deputados aprovou o Projeto de Lei 3287\/24, que prev\u00ea o uso, pela pol\u00edcia, de sistema informatizado com base em algoritmo para combater crimes contra crian\u00e7as e adolescentes [&hellip;]<\/p>\n","protected":false},"author":0,"featured_media":0,"comment_status":"open","ping_status":"open","sticky":false,"template":"","format":"standard","meta":{"footnotes":""},"categories":[1],"tags":[],"_links":{"self":[{"href":"https:\/\/jeffersonisac.adv.br\/index.php\/wp-json\/wp\/v2\/posts\/10425"}],"collection":[{"href":"https:\/\/jeffersonisac.adv.br\/index.php\/wp-json\/wp\/v2\/posts"}],"about":[{"href":"https:\/\/jeffersonisac.adv.br\/index.php\/wp-json\/wp\/v2\/types\/post"}],"replies":[{"embeddable":true,"href":"https:\/\/jeffersonisac.adv.br\/index.php\/wp-json\/wp\/v2\/comments?post=10425"}],"version-history":[{"count":0,"href":"https:\/\/jeffersonisac.adv.br\/index.php\/wp-json\/wp\/v2\/posts\/10425\/revisions"}],"wp:attachment":[{"href":"https:\/\/jeffersonisac.adv.br\/index.php\/wp-json\/wp\/v2\/media?parent=10425"}],"wp:term":[{"taxonomy":"category","embeddable":true,"href":"https:\/\/jeffersonisac.adv.br\/index.php\/wp-json\/wp\/v2\/categories?post=10425"},{"taxonomy":"post_tag","embeddable":true,"href":"https:\/\/jeffersonisac.adv.br\/index.php\/wp-json\/wp\/v2\/tags?post=10425"}],"curies":[{"name":"wp","href":"https:\/\/api.w.org\/{rel}","templated":true}]}}