{"id":10434,"date":"2025-03-27T17:28:00","date_gmt":"2025-03-27T20:28:00","guid":{"rendered":"https:\/\/jeffersonisac.adv.br\/index.php\/2025\/03\/27\/projeto-preve-avaliacao-anual-de-impactos-social-e-ambiental-do-novo-imposto-seletivo\/"},"modified":"2025-03-27T17:28:00","modified_gmt":"2025-03-27T20:28:00","slug":"projeto-preve-avaliacao-anual-de-impactos-social-e-ambiental-do-novo-imposto-seletivo","status":"publish","type":"post","link":"https:\/\/jeffersonisac.adv.br\/index.php\/2025\/03\/27\/projeto-preve-avaliacao-anual-de-impactos-social-e-ambiental-do-novo-imposto-seletivo\/","title":{"rendered":"Projeto prev\u00ea avalia\u00e7\u00e3o anual de impactos social e ambiental do novo Imposto Seletivo"},"content":{"rendered":"<div class=\"image-container\">\n<div class=\"midia-creditos\"><em>Renato Ara\u00fajo\/C\u00e2mara dos Deputados<\/em><\/div>\n<div class=\"media-wrapper\"><\/div>\n<div class=\"midia-legenda\">Nilto Tatto, autor da proposta<\/div>\n<\/div>\n<p>Em an\u00e1lise na C\u00e2mara dos Deputados, o Projeto de Lei Complementar (PLP) 30\/25 prev\u00ea a avalia\u00e7\u00e3o anual, e n\u00e3o mais quinquenal, do impacto do Imposto Seletivo (IS). A proposta muda a recente lei que regulamentou a reforma tribut\u00e1ria (<a href=\"https:\/\/www2.camara.leg.br\/legin\/fed\/leicom\/2025\/leicomplementar-214-16-janeiro-2025-796905-norma-pl.html\">Lei Complementar 214\/25<\/a>).<\/p>\n<p>A lei prev\u00ea a avalia\u00e7\u00e3o, a cada cinco anos, a iniciar em 2033, da efici\u00eancia, efic\u00e1cia e efetividade do IS sobre as pol\u00edticas social, ambiental e sanit\u00e1ria.<\/p>\n<p>Para o deputado Nilto Tatto (PT-SP), autor do projeto, n\u00e3o \u00e9 adequado utilizar \u201ca l\u00f3gica de avalia\u00e7\u00e3o quinquenal\u201d para o tributo que tem forte rela\u00e7\u00e3o com o meio ambiente.<\/p>\n<p>\u201cEsse tipo de tributa\u00e7\u00e3o, para ser eficiente, demanda uma adapta\u00e7\u00e3o constante para cumprir com sua fun\u00e7\u00e3o extrafiscal. Dessa forma, quando n\u00e3o alcan\u00e7a o chamado \u2018lucro ambiental\u2019, ele deve ser revisto\u201d, diz Tatto.<\/p>\n<p><strong>Outras medidas<br \/>\n<\/strong>O IS foi criado para tributar o consumo de produtos prejudiciais \u00e0 sa\u00fade ou ao meio ambiente, como cigarros, autom\u00f3veis poluentes e refrigerantes.<\/p>\n<p>O projeto prev\u00ea outras medidas sobre a avalia\u00e7\u00e3o anual do tributo. Por exemplo, determina que a avalia\u00e7\u00e3o considerar\u00e1 a efici\u00eancia extrafiscal, conforme os crit\u00e9rios estabelecidos em lei. Tamb\u00e9m poder\u00e1 sugerir a tributa\u00e7\u00e3o ou a isen\u00e7\u00e3o de produtos ou atividades.<\/p>\n<p><strong>Pr\u00f3ximos passos<br \/>\n<\/strong>O projeto ser\u00e1 analisado, inicialmente, nas comiss\u00f5es de Meio Ambiente e Desenvolvimento Sustent\u00e1vel, de Finan\u00e7as e Tributa\u00e7\u00e3o, e de Constitui\u00e7\u00e3o e Justi\u00e7a e de Cidadania. Depois, seguir\u00e1 para o Plen\u00e1rio da C\u00e2mara. Para virar lei, a proposta tamb\u00e9m precisa ser aprovada pelo Senado.<\/p>\n<p><a href=\"https:\/\/www.camara.leg.br\/noticias\/606442-conheca-a-tramitacao-de-projetos-de-lei-complementar\/\">Saiba mais sobre a tramita\u00e7\u00e3o de projetos de lei complementar<\/a><\/p>","protected":false},"excerpt":{"rendered":"<p>Renato Ara\u00fajo\/C\u00e2mara dos Deputados Nilto Tatto, autor da proposta Em an\u00e1lise na C\u00e2mara dos Deputados, o Projeto de Lei Complementar (PLP) 30\/25 prev\u00ea a avalia\u00e7\u00e3o anual, e n\u00e3o mais quinquenal, do impacto do Imposto Seletivo (IS). A proposta muda a recente lei que regulamentou a reforma tribut\u00e1ria (Lei Complementar 214\/25). A lei prev\u00ea a avalia\u00e7\u00e3o, [&hellip;]<\/p>\n","protected":false},"author":0,"featured_media":0,"comment_status":"open","ping_status":"open","sticky":false,"template":"","format":"standard","meta":{"footnotes":""},"categories":[1],"tags":[],"_links":{"self":[{"href":"https:\/\/jeffersonisac.adv.br\/index.php\/wp-json\/wp\/v2\/posts\/10434"}],"collection":[{"href":"https:\/\/jeffersonisac.adv.br\/index.php\/wp-json\/wp\/v2\/posts"}],"about":[{"href":"https:\/\/jeffersonisac.adv.br\/index.php\/wp-json\/wp\/v2\/types\/post"}],"replies":[{"embeddable":true,"href":"https:\/\/jeffersonisac.adv.br\/index.php\/wp-json\/wp\/v2\/comments?post=10434"}],"version-history":[{"count":0,"href":"https:\/\/jeffersonisac.adv.br\/index.php\/wp-json\/wp\/v2\/posts\/10434\/revisions"}],"wp:attachment":[{"href":"https:\/\/jeffersonisac.adv.br\/index.php\/wp-json\/wp\/v2\/media?parent=10434"}],"wp:term":[{"taxonomy":"category","embeddable":true,"href":"https:\/\/jeffersonisac.adv.br\/index.php\/wp-json\/wp\/v2\/categories?post=10434"},{"taxonomy":"post_tag","embeddable":true,"href":"https:\/\/jeffersonisac.adv.br\/index.php\/wp-json\/wp\/v2\/tags?post=10434"}],"curies":[{"name":"wp","href":"https:\/\/api.w.org\/{rel}","templated":true}]}}