{"id":10444,"date":"2025-03-28T10:31:12","date_gmt":"2025-03-28T13:31:12","guid":{"rendered":"https:\/\/jeffersonisac.adv.br\/index.php\/2025\/03\/28\/predio-do-congresso-fica-iluminado-de-verde-nesta-sexta-em-campanha-sobre-a-neuromielite-optica\/"},"modified":"2025-03-28T10:31:12","modified_gmt":"2025-03-28T13:31:12","slug":"predio-do-congresso-fica-iluminado-de-verde-nesta-sexta-em-campanha-sobre-a-neuromielite-optica","status":"publish","type":"post","link":"https:\/\/jeffersonisac.adv.br\/index.php\/2025\/03\/28\/predio-do-congresso-fica-iluminado-de-verde-nesta-sexta-em-campanha-sobre-a-neuromielite-optica\/","title":{"rendered":"Pr\u00e9dio do Congresso fica iluminado de verde nesta sexta em campanha sobre a neuromielite \u00f3ptica"},"content":{"rendered":"<div class=\"image-container\">\n<div class=\"midia-creditos\"><em>Cleia Viana\/C\u00e2mara dos Deputados<\/em><\/div>\n<div class=\"media-wrapper\"><\/div>\n<div class=\"midia-legenda\">O pr\u00e9dio costuma ser iluminado de cores diferentes em datas especiais<\/div>\n<\/div>\n<p>O pr\u00e9dio do Congresso Nacional recebe ilumina\u00e7\u00e3o na cor verde nesta sexta-feira (28) em alus\u00e3o ao Dia da Conscientiza\u00e7\u00e3o sobre a Neuromielite \u00d3ptica (27 de mar\u00e7o). A neuromielite \u00f3ptica, tamb\u00e9m chamada de doen\u00e7a de Devic, \u00e9 uma condi\u00e7\u00e3o rara caracterizada pela inflama\u00e7\u00e3o do nervo \u00f3ptico e da medula espinhal.<\/p>\n<p>Essa doen\u00e7a autoimune gera diminui\u00e7\u00e3o da capacidade visual, dificuldades motoras, dorm\u00eancia nos membros e desregula\u00e7\u00e3o nos controles urin\u00e1rio e intestinal, gerando incapacidades graves que podem levar \u00e0 morte.<\/p>\n<p>Anteriormente vista como uma varia\u00e7\u00e3o da esclerose m\u00faltipla, a neuromielite \u00f3ptica hoje \u00e9 classificada como uma doen\u00e7a \u00e0 parte.<\/p>\n<p>A enfermidade pode afetar indiv\u00edduos de qualquer faixa et\u00e1ria, embora seja mais prevalente em mulheres na meia-idade.<\/p>\n<p>Para muitos, o diagn\u00f3stico desta doen\u00e7a resulta em desafios significativos, afetando n\u00e3o apenas a sa\u00fade f\u00edsica, mas tamb\u00e9m o bem-estar emocional, social e financeiro dos pacientes e de suas fam\u00edlias.<\/p>\n<p>Apesar de incur\u00e1vel, a neuromielite \u00f3ptica j\u00e1 disp\u00f5e de tratamento para evitar o agravamento das inflama\u00e7\u00f5es.<\/p>\n<p>A ilumina\u00e7\u00e3o especial foi sugerida pelo senador Rom\u00e1rio (PL-RJ).<\/p>","protected":false},"excerpt":{"rendered":"<p>Cleia Viana\/C\u00e2mara dos Deputados O pr\u00e9dio costuma ser iluminado de cores diferentes em datas especiais O pr\u00e9dio do Congresso Nacional recebe ilumina\u00e7\u00e3o na cor verde nesta sexta-feira (28) em alus\u00e3o ao Dia da Conscientiza\u00e7\u00e3o sobre a Neuromielite \u00d3ptica (27 de mar\u00e7o). A neuromielite \u00f3ptica, tamb\u00e9m chamada de doen\u00e7a de Devic, \u00e9 uma condi\u00e7\u00e3o rara caracterizada [&hellip;]<\/p>\n","protected":false},"author":0,"featured_media":0,"comment_status":"open","ping_status":"open","sticky":false,"template":"","format":"standard","meta":{"footnotes":""},"categories":[1],"tags":[],"_links":{"self":[{"href":"https:\/\/jeffersonisac.adv.br\/index.php\/wp-json\/wp\/v2\/posts\/10444"}],"collection":[{"href":"https:\/\/jeffersonisac.adv.br\/index.php\/wp-json\/wp\/v2\/posts"}],"about":[{"href":"https:\/\/jeffersonisac.adv.br\/index.php\/wp-json\/wp\/v2\/types\/post"}],"replies":[{"embeddable":true,"href":"https:\/\/jeffersonisac.adv.br\/index.php\/wp-json\/wp\/v2\/comments?post=10444"}],"version-history":[{"count":0,"href":"https:\/\/jeffersonisac.adv.br\/index.php\/wp-json\/wp\/v2\/posts\/10444\/revisions"}],"wp:attachment":[{"href":"https:\/\/jeffersonisac.adv.br\/index.php\/wp-json\/wp\/v2\/media?parent=10444"}],"wp:term":[{"taxonomy":"category","embeddable":true,"href":"https:\/\/jeffersonisac.adv.br\/index.php\/wp-json\/wp\/v2\/categories?post=10444"},{"taxonomy":"post_tag","embeddable":true,"href":"https:\/\/jeffersonisac.adv.br\/index.php\/wp-json\/wp\/v2\/tags?post=10444"}],"curies":[{"name":"wp","href":"https:\/\/api.w.org\/{rel}","templated":true}]}}