{"id":10461,"date":"2025-03-28T19:25:30","date_gmt":"2025-03-28T22:25:30","guid":{"rendered":"https:\/\/jeffersonisac.adv.br\/index.php\/2025\/03\/28\/projeto-estabelece-limites-para-reducao-de-diarias-nos-dias-de-entrada-e-saida-em-hoteis\/"},"modified":"2025-03-28T19:25:30","modified_gmt":"2025-03-28T22:25:30","slug":"projeto-estabelece-limites-para-reducao-de-diarias-nos-dias-de-entrada-e-saida-em-hoteis","status":"publish","type":"post","link":"https:\/\/jeffersonisac.adv.br\/index.php\/2025\/03\/28\/projeto-estabelece-limites-para-reducao-de-diarias-nos-dias-de-entrada-e-saida-em-hoteis\/","title":{"rendered":"Projeto estabelece limites para redu\u00e7\u00e3o de di\u00e1rias nos dias de entrada e sa\u00edda em hot\u00e9is"},"content":{"rendered":"<div class=\"image-container\">\n<div class=\"midia-creditos\"><em>Kayo Magalh\u00e3es\/C\u00e2mara dos Deputados<\/em><\/div>\n<div class=\"media-wrapper\"><\/div>\n<div class=\"midia-legenda\">Marcelo Queiroz: &#8220;\u00c9 comum que estabelecimentos pratiquem hor\u00e1rios restritivos&#8221;<\/div>\n<\/div>\n<p>O Projeto de Lei 4467\/24 estipula que o limite para redu\u00e7\u00e3o da primeira di\u00e1ria em meios de hospedagem seja de duas horas. Ou seja, a primeira di\u00e1ria dever\u00e1 ter dura\u00e7\u00e3o m\u00ednima de 22 horas. O texto tamb\u00e9m pro\u00edbe a imposi\u00e7\u00e3o de hor\u00e1rio de sa\u00edda, no \u00faltimo dia, anterior ao meio-dia.<\/p>\n<p>A proposta est\u00e1 em an\u00e1lise na C\u00e2mara dos Deputados.<\/p>\n<p>O objetivo do autor, deputado Marcelo Queiroz (PP-RJ), \u00e9 estabelecer uma padroniza\u00e7\u00e3o que respeite o tempo necess\u00e1rio para o cliente aproveitar adequadamente as instala\u00e7\u00f5es e os servi\u00e7os contratados junto ao meio de hospedagem. \u201cAtualmente, \u00e9 comum que muitos estabelecimentos pratiquem hor\u00e1rios restritivos, em que o check-in ocorre apenas no per\u00edodo da tarde e o check-out \u00e9 exigido logo pela manh\u00e3 do dia seguinte\u201d, observa Queiroz.<\/p>\n<p>Essa pr\u00e1tica, segundo o deputado, reduz de forma significativa o tempo efetivo da di\u00e1ria. &#8220;Em alguns casos para menos de 20 horas, gerando insatisfa\u00e7\u00e3o entre os clientes e comprometendo a transpar\u00eancia na presta\u00e7\u00e3o do servi\u00e7o\u201d, completou.<\/p>\n<p>O projeto altera a <a class=\"linkLegislacao\" href=\"https:\/\/www2.camara.gov.br\/legin\/fed\/lei\/2008\/lei-11771-17-setembro-2008-580751-norma-pl.html\">Lei Geral do Turismo<\/a>, que hoje define como di\u00e1ria o pre\u00e7o de hospedagem correspondente \u00e0 utiliza\u00e7\u00e3o da unidade habitacional e dos servi\u00e7os inclu\u00eddos no per\u00edodo de 24 horas, compreendido nos hor\u00e1rios fixados para entrada e sa\u00edda de h\u00f3spedes.<\/p>\n<p>A lei prev\u00ea regulamenta\u00e7\u00e3o do Minist\u00e9rio do Turismo quanto \u00e0 entrada e \u00e0 sa\u00edda do h\u00f3spede, considerando o tempo necess\u00e1rio para limpeza do ambiente.<\/p>\n<p><strong>Pr\u00f3ximos passos<\/strong><br \/>\nO projeto tramita em <span class=\"termoGlossario\">car\u00e1ter conclusivo<\/span> e ser\u00e1 analisado pelas comiss\u00f5es de Turismo; de Defesa do Consumidor; e de Constitui\u00e7\u00e3o e Justi\u00e7a e de Cidadania. Para virar lei, a medida precisa ser aprovada pelos deputados e pelos senadores.<\/p>\n<p><a href=\"https:\/\/www.camara.leg.br\/noticias\/573454-SAIBA-MAIS-SOBRE-A-TRAMITACAO-DE-PROJETOS-DE-LEI\">Saiba mais sobre a tramita\u00e7\u00e3o de projetos de lei<\/a><\/p>","protected":false},"excerpt":{"rendered":"<p>Kayo Magalh\u00e3es\/C\u00e2mara dos Deputados Marcelo Queiroz: &#8220;\u00c9 comum que estabelecimentos pratiquem hor\u00e1rios restritivos&#8221; O Projeto de Lei 4467\/24 estipula que o limite para redu\u00e7\u00e3o da primeira di\u00e1ria em meios de hospedagem seja de duas horas. Ou seja, a primeira di\u00e1ria dever\u00e1 ter dura\u00e7\u00e3o m\u00ednima de 22 horas. O texto tamb\u00e9m pro\u00edbe a imposi\u00e7\u00e3o de hor\u00e1rio [&hellip;]<\/p>\n","protected":false},"author":0,"featured_media":0,"comment_status":"open","ping_status":"open","sticky":false,"template":"","format":"standard","meta":{"footnotes":""},"categories":[1],"tags":[],"_links":{"self":[{"href":"https:\/\/jeffersonisac.adv.br\/index.php\/wp-json\/wp\/v2\/posts\/10461"}],"collection":[{"href":"https:\/\/jeffersonisac.adv.br\/index.php\/wp-json\/wp\/v2\/posts"}],"about":[{"href":"https:\/\/jeffersonisac.adv.br\/index.php\/wp-json\/wp\/v2\/types\/post"}],"replies":[{"embeddable":true,"href":"https:\/\/jeffersonisac.adv.br\/index.php\/wp-json\/wp\/v2\/comments?post=10461"}],"version-history":[{"count":0,"href":"https:\/\/jeffersonisac.adv.br\/index.php\/wp-json\/wp\/v2\/posts\/10461\/revisions"}],"wp:attachment":[{"href":"https:\/\/jeffersonisac.adv.br\/index.php\/wp-json\/wp\/v2\/media?parent=10461"}],"wp:term":[{"taxonomy":"category","embeddable":true,"href":"https:\/\/jeffersonisac.adv.br\/index.php\/wp-json\/wp\/v2\/categories?post=10461"},{"taxonomy":"post_tag","embeddable":true,"href":"https:\/\/jeffersonisac.adv.br\/index.php\/wp-json\/wp\/v2\/tags?post=10461"}],"curies":[{"name":"wp","href":"https:\/\/api.w.org\/{rel}","templated":true}]}}