{"id":1050,"date":"2023-08-23T10:18:25","date_gmt":"2023-08-23T13:18:25","guid":{"rendered":"https:\/\/jeffersonisac.adv.br\/index.php\/2023\/08\/23\/ex-deputado-eduardo-barbosa-morre-em-brasilia\/"},"modified":"2023-08-23T10:18:25","modified_gmt":"2023-08-23T13:18:25","slug":"ex-deputado-eduardo-barbosa-morre-em-brasilia","status":"publish","type":"post","link":"https:\/\/jeffersonisac.adv.br\/index.php\/2023\/08\/23\/ex-deputado-eduardo-barbosa-morre-em-brasilia\/","title":{"rendered":"Ex-deputado Eduardo Barbosa morre em Bras\u00edlia"},"content":{"rendered":"<div class=\"image-container\">\n<div class=\"midia-creditos\"><em>Luis Macedo\/C\u00e2mara dos Deputados<\/em><\/div>\n<div class=\"media-wrapper\"><\/div>\n<div class=\"midia-legenda\">Deputado Eduardo Barbosa<\/div>\n<\/div>\n<p>O ex-deputado Eduardo Barbosa (MG) faleceu na madrugada desta quarta-feira (23), aos 64 anos, em Bras\u00edlia. Ele exerceu quatro mandatos na C\u00e2mara dos Deputados (de 1995 a 2023), tamb\u00e9m foi ouvidor-geral da Casa e vice-l\u00edder do PSDB por v\u00e1rios anos.<\/p>\n<p>Eduardo Barbosa foi autor do projeto que deu origem \u00e0 lei que criou uma renda b\u00e1sica emergencial de R$ 600 aos trabalhadores informais, aut\u00f4nomos e sem renda fixa, durante a crise provocada pela pandemia da Covid-19 (<a href=\"https:\/\/www.camara.leg.br\/noticias\/650593-BOLSONARO-SANCIONA-PROJETO-DA-RENDA-BASICA-EMERGENCIAL\">PL 9236\/17<\/a>); e do projeto que originou a lei que obriga o Pa\u00eds a garantir educa\u00e7\u00e3o e aprendizagem ao longo da vida a jovens e adultos que est\u00e3o fora da idade escolar e \u00e0s pessoas que t\u00eam necessidades especiais (<a href=\"https:\/\/www.camara.leg.br\/noticias\/533970-SANCIONADO-PROJETO-QUE-PREVE-DIREITO-A-EDUCACAO-AO-LONGO-DA-VIDA\">PL 5374\/16<\/a>).<\/p>\n<p>V\u00e1rios pol\u00edticos lamentaram o falecimento nas redes sociais. &#8220;[Eduardo Barbosa] foi nossa refer\u00eancia na defesa dos mais vulner\u00e1veis e em todas as pol\u00edticas sociais produzidas nas \u00faltimas d\u00e9cadas. Vai fazer muita falta na luta por justi\u00e7a social e por um Brasil mais humano e melhor para todos!&#8221;, tuitou o deputado Osmar Terra (MDB-RS).<\/p>\n<p>&#8220;Com muita tristeza recebi a not\u00edcia do falecimento do deputado Eduardo Barbosa, grande defensor das Apaes, \u00f3timo secret\u00e1rio de estado, um grande amigo que se vai&#8221;, disse o ex-deputado Eduardo Azeredo (MG), colega de partido de Barbosa.<\/p>","protected":false},"excerpt":{"rendered":"<p>Luis Macedo\/C\u00e2mara dos Deputados Deputado Eduardo Barbosa O ex-deputado Eduardo Barbosa (MG) faleceu na madrugada desta quarta-feira (23), aos 64 anos, em Bras\u00edlia. Ele exerceu quatro mandatos na C\u00e2mara dos Deputados (de 1995 a 2023), tamb\u00e9m foi ouvidor-geral da Casa e vice-l\u00edder do PSDB por v\u00e1rios anos. Eduardo Barbosa foi autor do projeto que deu [&hellip;]<\/p>\n","protected":false},"author":0,"featured_media":0,"comment_status":"open","ping_status":"open","sticky":false,"template":"","format":"standard","meta":{"footnotes":""},"categories":[1],"tags":[],"_links":{"self":[{"href":"https:\/\/jeffersonisac.adv.br\/index.php\/wp-json\/wp\/v2\/posts\/1050"}],"collection":[{"href":"https:\/\/jeffersonisac.adv.br\/index.php\/wp-json\/wp\/v2\/posts"}],"about":[{"href":"https:\/\/jeffersonisac.adv.br\/index.php\/wp-json\/wp\/v2\/types\/post"}],"replies":[{"embeddable":true,"href":"https:\/\/jeffersonisac.adv.br\/index.php\/wp-json\/wp\/v2\/comments?post=1050"}],"version-history":[{"count":0,"href":"https:\/\/jeffersonisac.adv.br\/index.php\/wp-json\/wp\/v2\/posts\/1050\/revisions"}],"wp:attachment":[{"href":"https:\/\/jeffersonisac.adv.br\/index.php\/wp-json\/wp\/v2\/media?parent=1050"}],"wp:term":[{"taxonomy":"category","embeddable":true,"href":"https:\/\/jeffersonisac.adv.br\/index.php\/wp-json\/wp\/v2\/categories?post=1050"},{"taxonomy":"post_tag","embeddable":true,"href":"https:\/\/jeffersonisac.adv.br\/index.php\/wp-json\/wp\/v2\/tags?post=1050"}],"curies":[{"name":"wp","href":"https:\/\/api.w.org\/{rel}","templated":true}]}}