{"id":1054,"date":"2023-08-23T15:22:15","date_gmt":"2023-08-23T18:22:15","guid":{"rendered":"https:\/\/jeffersonisac.adv.br\/index.php\/2023\/08\/23\/projeto-eleva-para-r-300-mil-o-valor-de-carro-novo-que-garante-beneficio-fiscal-a-pessoa-com-deficiencia\/"},"modified":"2023-08-23T15:22:15","modified_gmt":"2023-08-23T18:22:15","slug":"projeto-eleva-para-r-300-mil-o-valor-de-carro-novo-que-garante-beneficio-fiscal-a-pessoa-com-deficiencia","status":"publish","type":"post","link":"https:\/\/jeffersonisac.adv.br\/index.php\/2023\/08\/23\/projeto-eleva-para-r-300-mil-o-valor-de-carro-novo-que-garante-beneficio-fiscal-a-pessoa-com-deficiencia\/","title":{"rendered":"Projeto eleva para R$ 300 mil o valor de carro novo que garante benef\u00edcio fiscal a pessoa com defici\u00eancia"},"content":{"rendered":"<div class=\"image-container\">\n<div class=\"midia-creditos\"><em>Vinicius Loures\/C\u00e2mara dos Deputados<\/em><\/div>\n<div class=\"media-wrapper\"><\/div>\n<div class=\"midia-legenda\">Ros\u00e2ngela Moro, autora da proposta<\/div>\n<\/div>\n<p>O Projeto de Lei 2254\/23 eleva de R$ 200 mil para R$ 300 mil o pre\u00e7o m\u00e1ximo de carro novo que assegurar\u00e1 benef\u00edcio fiscal na aquisi\u00e7\u00e3o por pessoas com defici\u00eancia ou autistas ou seus representantes. O texto em an\u00e1lise na C\u00e2mara dos Deputados altera a <a class=\"linkLegislacao\" href=\"https:\/\/www2.camara.gov.br\/legin\/fed\/lei\/1995\/lei-8989-24-fevereiro-1995-349817-norma-pl.html\">Lei de Isen\u00e7\u00e3o do IPI para Compra de Autom\u00f3veis<\/a>.<\/p>\n<p>\u201cO atual limite \u00e9 inadequado em raz\u00e3o da press\u00e3o inflacion\u00e1ria e tamb\u00e9m da alta do d\u00f3lar, que encareceram os autom\u00f3veis novos e seminovos\u201d, disse a autora da proposta, deputada Ros\u00e2ngela Moro (Uni\u00e3o-SP), ao defender o novo valor.<\/p>\n<p><strong>Tramita\u00e7\u00e3o<\/strong><br \/>\nO projeto tramita em <span class=\"termoGlossario\">car\u00e1ter conclusivo<\/span> e ser\u00e1 analisado pelas comiss\u00f5es de Defesa dos Direitos das Pessoas com Defici\u00eancia; de Finan\u00e7as e Tributa\u00e7\u00e3o; e de Constitui\u00e7\u00e3o e Justi\u00e7a e de Cidadania.<\/p>\n<p><a href=\"https:\/\/www.camara.leg.br\/noticias\/573454-SAIBA-MAIS-SOBRE-A-TRAMITACAO-DE-PROJETOS-DE-LEI\">Saiba mais sobre a tramita\u00e7\u00e3o de projetos de lei<\/a><\/p>","protected":false},"excerpt":{"rendered":"<p>Vinicius Loures\/C\u00e2mara dos Deputados Ros\u00e2ngela Moro, autora da proposta O Projeto de Lei 2254\/23 eleva de R$ 200 mil para R$ 300 mil o pre\u00e7o m\u00e1ximo de carro novo que assegurar\u00e1 benef\u00edcio fiscal na aquisi\u00e7\u00e3o por pessoas com defici\u00eancia ou autistas ou seus representantes. O texto em an\u00e1lise na C\u00e2mara dos Deputados altera a Lei [&hellip;]<\/p>\n","protected":false},"author":0,"featured_media":0,"comment_status":"open","ping_status":"open","sticky":false,"template":"","format":"standard","meta":{"footnotes":""},"categories":[1],"tags":[],"_links":{"self":[{"href":"https:\/\/jeffersonisac.adv.br\/index.php\/wp-json\/wp\/v2\/posts\/1054"}],"collection":[{"href":"https:\/\/jeffersonisac.adv.br\/index.php\/wp-json\/wp\/v2\/posts"}],"about":[{"href":"https:\/\/jeffersonisac.adv.br\/index.php\/wp-json\/wp\/v2\/types\/post"}],"replies":[{"embeddable":true,"href":"https:\/\/jeffersonisac.adv.br\/index.php\/wp-json\/wp\/v2\/comments?post=1054"}],"version-history":[{"count":0,"href":"https:\/\/jeffersonisac.adv.br\/index.php\/wp-json\/wp\/v2\/posts\/1054\/revisions"}],"wp:attachment":[{"href":"https:\/\/jeffersonisac.adv.br\/index.php\/wp-json\/wp\/v2\/media?parent=1054"}],"wp:term":[{"taxonomy":"category","embeddable":true,"href":"https:\/\/jeffersonisac.adv.br\/index.php\/wp-json\/wp\/v2\/categories?post=1054"},{"taxonomy":"post_tag","embeddable":true,"href":"https:\/\/jeffersonisac.adv.br\/index.php\/wp-json\/wp\/v2\/tags?post=1054"}],"curies":[{"name":"wp","href":"https:\/\/api.w.org\/{rel}","templated":true}]}}