{"id":12465,"date":"2025-09-03T08:26:18","date_gmt":"2025-09-03T11:26:18","guid":{"rendered":"https:\/\/jeffersonisac.adv.br\/index.php\/2025\/09\/03\/audiencia-na-camara-debate-a-revogacao-da-lei-da-alienacao-parental\/"},"modified":"2025-09-03T08:26:18","modified_gmt":"2025-09-03T11:26:18","slug":"audiencia-na-camara-debate-a-revogacao-da-lei-da-alienacao-parental","status":"publish","type":"post","link":"https:\/\/jeffersonisac.adv.br\/index.php\/2025\/09\/03\/audiencia-na-camara-debate-a-revogacao-da-lei-da-alienacao-parental\/","title":{"rendered":"Audi\u00eancia na C\u00e2mara debate a revoga\u00e7\u00e3o da Lei da Aliena\u00e7\u00e3o Parental"},"content":{"rendered":"<div class=\"image-container\">\n<div class=\"midia-creditos\"><em>GettyImages<\/em><\/div>\n<div class=\"media-wrapper\"><\/div>\n<div class=\"midia-legenda\">Cr\u00edticos da Lei da Aliena\u00e7\u00e3o Parental dizem que ela n\u00e3o gera o efeito almejado<\/div>\n<\/div>\n<p>A Comiss\u00e3o de Constitui\u00e7\u00e3o e Justi\u00e7a e de Cidadania da C\u00e2mara dos Deputados discute, nesta quarta-feira (3), a revoga\u00e7\u00e3o da <a href=\"https:\/\/www2.camara.gov.br\/legin\/fed\/lei\/2010\/lei-12318-26-agosto-2010-608120-norma-pl.html\">Lei de Aliena\u00e7\u00e3o Parental<\/a>. A revoga\u00e7\u00e3o \u00e9 tema do Projeto de Lei 2812\/22, em an\u00e1lise no colegiado.<\/p>\n<p>O debate foi solicitado pela deputada Laura Carneiro (PSD-RJ) e ser\u00e1 \u00e0s 14h30, no plen\u00e1rio 1.<\/p>\n<p><a href=\"https:\/\/www.camara.leg.br\/evento-legislativo\/78910\">Veja quem foi convidado para discutir o assunto<\/a><\/p>\n<p>Controv\u00e9rsias<br \/>\nA Lei da Aliena\u00e7\u00e3o Parental foi criada h\u00e1 15 anos para coibir situa\u00e7\u00f5es em que um dos pais tenta afastar o outro da conviv\u00eancia com os filhos \u2014 desqualificando-o ou dificultando o contato.<\/p>\n<p>Cr\u00edticos afirmam, por\u00e9m, que pais e m\u00e3es acusados de abuso t\u00eam usado a lei para revidar, acusando de aliena\u00e7\u00e3o parental quem denuncia a viol\u00eancia.<\/p>\n<p>&#8220;O tema em an\u00e1lise \u00e9 de alta complexidade e sensibilidade social, havendo argumentos s\u00f3lidos tanto a favor quanto contra a revoga\u00e7\u00e3o&#8221;, afirma Laura Carneiro.<\/p>\n<p>Em abril, em outro debate na C\u00e2mara, <a href=\"https:\/\/www.camara.leg.br\/noticias\/1148583-MINISTRA-DAS-MULHERES-DEFENDE-REVOGACAO-DA-LEI-DE-ALIENACAO-PARENTAL\">a ministra das Mulheres, Cida Gon\u00e7alves, defendeu a revoga\u00e7\u00e3o da lei.<\/a><\/p>","protected":false},"excerpt":{"rendered":"<p>GettyImages Cr\u00edticos da Lei da Aliena\u00e7\u00e3o Parental dizem que ela n\u00e3o gera o efeito almejado A Comiss\u00e3o de Constitui\u00e7\u00e3o e Justi\u00e7a e de Cidadania da C\u00e2mara dos Deputados discute, nesta quarta-feira (3), a revoga\u00e7\u00e3o da Lei de Aliena\u00e7\u00e3o Parental. A revoga\u00e7\u00e3o \u00e9 tema do Projeto de Lei 2812\/22, em an\u00e1lise no colegiado. O debate foi [&hellip;]<\/p>\n","protected":false},"author":0,"featured_media":0,"comment_status":"open","ping_status":"open","sticky":false,"template":"","format":"standard","meta":{"footnotes":""},"categories":[1],"tags":[],"_links":{"self":[{"href":"https:\/\/jeffersonisac.adv.br\/index.php\/wp-json\/wp\/v2\/posts\/12465"}],"collection":[{"href":"https:\/\/jeffersonisac.adv.br\/index.php\/wp-json\/wp\/v2\/posts"}],"about":[{"href":"https:\/\/jeffersonisac.adv.br\/index.php\/wp-json\/wp\/v2\/types\/post"}],"replies":[{"embeddable":true,"href":"https:\/\/jeffersonisac.adv.br\/index.php\/wp-json\/wp\/v2\/comments?post=12465"}],"version-history":[{"count":0,"href":"https:\/\/jeffersonisac.adv.br\/index.php\/wp-json\/wp\/v2\/posts\/12465\/revisions"}],"wp:attachment":[{"href":"https:\/\/jeffersonisac.adv.br\/index.php\/wp-json\/wp\/v2\/media?parent=12465"}],"wp:term":[{"taxonomy":"category","embeddable":true,"href":"https:\/\/jeffersonisac.adv.br\/index.php\/wp-json\/wp\/v2\/categories?post=12465"},{"taxonomy":"post_tag","embeddable":true,"href":"https:\/\/jeffersonisac.adv.br\/index.php\/wp-json\/wp\/v2\/tags?post=12465"}],"curies":[{"name":"wp","href":"https:\/\/api.w.org\/{rel}","templated":true}]}}