{"id":13953,"date":"2025-11-04T14:25:03","date_gmt":"2025-11-04T17:25:03","guid":{"rendered":"https:\/\/jeffersonisac.adv.br\/index.php\/2025\/11\/04\/comissoes-debatem-condicoes-de-trabalho-dos-servidores-federais\/"},"modified":"2025-11-04T14:25:03","modified_gmt":"2025-11-04T17:25:03","slug":"comissoes-debatem-condicoes-de-trabalho-dos-servidores-federais","status":"publish","type":"post","link":"https:\/\/jeffersonisac.adv.br\/index.php\/2025\/11\/04\/comissoes-debatem-condicoes-de-trabalho-dos-servidores-federais\/","title":{"rendered":"Comiss\u00f5es debatem condi\u00e7\u00f5es de trabalho dos servidores federais"},"content":{"rendered":"<div class=\"image-container\">\n<div class=\"midia-creditos\"><em>Divulga\u00e7\u00e3o\/Ag\u00eancia de Not\u00edcias do Paran\u00e1<\/em><\/div>\n<div class=\"media-wrapper\"><\/div>\n<div class=\"midia-legenda\">Objetivo da reuni\u00e3o \u00e9 buscar solu\u00e7\u00f5es para desafios enfrentados pelo funcionalismo<\/div>\n<\/div>\n<p>As Comiss\u00f5es de Administra\u00e7\u00e3o e Servi\u00e7o P\u00fablico; e de Sa\u00fade da C\u00e2mara dos Deputados realizam audi\u00eancia p\u00fablica nesta quinta-feira (6) para discutir as condi\u00e7\u00f5es de trabalho dos servidores p\u00fablicos federais. A reuni\u00e3o ser\u00e1 realizada no plen\u00e1rio 7, \u00e0s 9h30.<\/p>\n<p><a href=\"https:\/\/www.camara.leg.br\/evento-legislativo\/79937\">Veja quem foi convidado e envie suas perguntas<\/a><\/p>\n<p>O debate foi proposto pelos deputados Enfermeira Rejane (PCdoB-RJ) e Bruno Farias (Avante-MG). Eles afirmam que o objetivo \u00e9 buscar solu\u00e7\u00f5es para os desafios enfrentados pelo funcionalismo, como sobrecarga de trabalho, infraestrutura prec\u00e1ria, falta de valoriza\u00e7\u00e3o e riscos \u00e0 sa\u00fade f\u00edsica e mental.<\/p>\n<p>&#8220;Os servidores federais prestam servi\u00e7os essenciais nas mais diversas \u00e1reas, como sa\u00fade, educa\u00e7\u00e3o, pesquisa cient\u00edfica e seguran\u00e7a p\u00fablica. A qualidade e a continuidade dessas a\u00e7\u00f5es est\u00e3o diretamente atreladas ao bem-estar e \u00e0s condi\u00e7\u00f5es de trabalho dos profissionais que as executam&#8221;, afirma Enfermeira Rejane.<\/p>\n\n<div><\/div>","protected":false},"excerpt":{"rendered":"<p>Divulga\u00e7\u00e3o\/Ag\u00eancia de Not\u00edcias do Paran\u00e1 Objetivo da reuni\u00e3o \u00e9 buscar solu\u00e7\u00f5es para desafios enfrentados pelo funcionalismo As Comiss\u00f5es de Administra\u00e7\u00e3o e Servi\u00e7o P\u00fablico; e de Sa\u00fade da C\u00e2mara dos Deputados realizam audi\u00eancia p\u00fablica nesta quinta-feira (6) para discutir as condi\u00e7\u00f5es de trabalho dos servidores p\u00fablicos federais. A reuni\u00e3o ser\u00e1 realizada no plen\u00e1rio 7, \u00e0s 9h30. [&hellip;]<\/p>\n","protected":false},"author":0,"featured_media":0,"comment_status":"open","ping_status":"open","sticky":false,"template":"","format":"standard","meta":{"footnotes":""},"categories":[1],"tags":[],"_links":{"self":[{"href":"https:\/\/jeffersonisac.adv.br\/index.php\/wp-json\/wp\/v2\/posts\/13953"}],"collection":[{"href":"https:\/\/jeffersonisac.adv.br\/index.php\/wp-json\/wp\/v2\/posts"}],"about":[{"href":"https:\/\/jeffersonisac.adv.br\/index.php\/wp-json\/wp\/v2\/types\/post"}],"replies":[{"embeddable":true,"href":"https:\/\/jeffersonisac.adv.br\/index.php\/wp-json\/wp\/v2\/comments?post=13953"}],"version-history":[{"count":0,"href":"https:\/\/jeffersonisac.adv.br\/index.php\/wp-json\/wp\/v2\/posts\/13953\/revisions"}],"wp:attachment":[{"href":"https:\/\/jeffersonisac.adv.br\/index.php\/wp-json\/wp\/v2\/media?parent=13953"}],"wp:term":[{"taxonomy":"category","embeddable":true,"href":"https:\/\/jeffersonisac.adv.br\/index.php\/wp-json\/wp\/v2\/categories?post=13953"},{"taxonomy":"post_tag","embeddable":true,"href":"https:\/\/jeffersonisac.adv.br\/index.php\/wp-json\/wp\/v2\/tags?post=13953"}],"curies":[{"name":"wp","href":"https:\/\/api.w.org\/{rel}","templated":true}]}}