{"id":14273,"date":"2025-11-18T14:24:45","date_gmt":"2025-11-18T17:24:45","guid":{"rendered":"https:\/\/jeffersonisac.adv.br\/index.php\/2025\/11\/18\/projeto-aumenta-previsao-de-cargos-para-o-ministerio-da-educacao-no-orcamento-de-2025\/"},"modified":"2025-11-18T14:24:45","modified_gmt":"2025-11-18T17:24:45","slug":"projeto-aumenta-previsao-de-cargos-para-o-ministerio-da-educacao-no-orcamento-de-2025","status":"publish","type":"post","link":"https:\/\/jeffersonisac.adv.br\/index.php\/2025\/11\/18\/projeto-aumenta-previsao-de-cargos-para-o-ministerio-da-educacao-no-orcamento-de-2025\/","title":{"rendered":"Projeto aumenta previs\u00e3o de cargos para o Minist\u00e9rio da Educa\u00e7\u00e3o no Or\u00e7amento de 2025"},"content":{"rendered":"<div class=\"image-container\">\n<div class=\"midia-creditos\"><em>Geraldo Magela\/Ag\u00eancia Senado<\/em><\/div>\n<div class=\"media-wrapper\"><\/div>\n<div class=\"midia-legenda\">Minist\u00e9rio da Educa\u00e7\u00e3o, em Bras\u00edlia<\/div>\n<\/div>\n<p>O Congresso Nacional analisa projeto que altera o quadro de cria\u00e7\u00e3o de cargos do Or\u00e7amento de 2025 para atender demandas do Minist\u00e9rio da Educa\u00e7\u00e3o (PLN 31\/25).<\/p>\n<p>O minist\u00e9rio pediu o aumento dos cargos para t\u00e9cnicos administrativos e de professores do ensino superior de 21.204 para 29.804. \u201cA medida busca viabilizar, em momento posterior, o envio e a san\u00e7\u00e3o de projeto de lei que tratar\u00e1, entre outras a\u00e7\u00f5es, da cria\u00e7\u00e3o desses cargos\u201d, informou a mensagem que acompanha o projeto.<\/p>\n<p>De acordo com o governo, a autoriza\u00e7\u00e3o de cria\u00e7\u00e3o dos cargos n\u00e3o implicar\u00e1 em mais despesas este ano porque n\u00e3o h\u00e1 a previs\u00e3o de preenchimento destas vagas ainda em 2025.<\/p>\n<p>O projeto ser\u00e1 analisado pela <span class=\"termoGlossario\">Comiss\u00e3o Mista de Or\u00e7amento<\/span> e, em seguida, pelo Plen\u00e1rio do Congresso (sess\u00e3o conjunta de C\u00e2mara e Senado).<\/p>\n<p>\u00a0<\/p>","protected":false},"excerpt":{"rendered":"<p>Geraldo Magela\/Ag\u00eancia Senado Minist\u00e9rio da Educa\u00e7\u00e3o, em Bras\u00edlia O Congresso Nacional analisa projeto que altera o quadro de cria\u00e7\u00e3o de cargos do Or\u00e7amento de 2025 para atender demandas do Minist\u00e9rio da Educa\u00e7\u00e3o (PLN 31\/25). O minist\u00e9rio pediu o aumento dos cargos para t\u00e9cnicos administrativos e de professores do ensino superior de 21.204 para 29.804. \u201cA [&hellip;]<\/p>\n","protected":false},"author":0,"featured_media":0,"comment_status":"open","ping_status":"open","sticky":false,"template":"","format":"standard","meta":{"footnotes":""},"categories":[1],"tags":[],"_links":{"self":[{"href":"https:\/\/jeffersonisac.adv.br\/index.php\/wp-json\/wp\/v2\/posts\/14273"}],"collection":[{"href":"https:\/\/jeffersonisac.adv.br\/index.php\/wp-json\/wp\/v2\/posts"}],"about":[{"href":"https:\/\/jeffersonisac.adv.br\/index.php\/wp-json\/wp\/v2\/types\/post"}],"replies":[{"embeddable":true,"href":"https:\/\/jeffersonisac.adv.br\/index.php\/wp-json\/wp\/v2\/comments?post=14273"}],"version-history":[{"count":0,"href":"https:\/\/jeffersonisac.adv.br\/index.php\/wp-json\/wp\/v2\/posts\/14273\/revisions"}],"wp:attachment":[{"href":"https:\/\/jeffersonisac.adv.br\/index.php\/wp-json\/wp\/v2\/media?parent=14273"}],"wp:term":[{"taxonomy":"category","embeddable":true,"href":"https:\/\/jeffersonisac.adv.br\/index.php\/wp-json\/wp\/v2\/categories?post=14273"},{"taxonomy":"post_tag","embeddable":true,"href":"https:\/\/jeffersonisac.adv.br\/index.php\/wp-json\/wp\/v2\/tags?post=14273"}],"curies":[{"name":"wp","href":"https:\/\/api.w.org\/{rel}","templated":true}]}}