{"id":14293,"date":"2025-11-19T10:24:36","date_gmt":"2025-11-19T13:24:36","guid":{"rendered":"https:\/\/jeffersonisac.adv.br\/index.php\/2025\/11\/19\/comissao-debate-reflexos-da-reforma-administrativa-no-servico-publico\/"},"modified":"2025-11-19T10:24:36","modified_gmt":"2025-11-19T13:24:36","slug":"comissao-debate-reflexos-da-reforma-administrativa-no-servico-publico","status":"publish","type":"post","link":"https:\/\/jeffersonisac.adv.br\/index.php\/2025\/11\/19\/comissao-debate-reflexos-da-reforma-administrativa-no-servico-publico\/","title":{"rendered":"Comiss\u00e3o debate reflexos da reforma administrativa no servi\u00e7o p\u00fablico"},"content":{"rendered":"<div class=\"image-container\">\n<div class=\"midia-creditos\"><em>Kayo Magalh\u00e3es \/ C\u00e2mara dos Deputados<\/em><\/div>\n<div class=\"media-wrapper\"><\/div>\n<div class=\"midia-legenda\">Alice prop\u00f4s a realiza\u00e7\u00e3o do debate<\/div>\n<\/div>\n<p>A Comiss\u00e3o de Administra\u00e7\u00e3o e Servi\u00e7o P\u00fablico da C\u00e2mara dos Deputados realiza na ter\u00e7a-feira (25) audi\u00eancia p\u00fablica para discutir os reflexos da reforma administrativa no servi\u00e7o p\u00fablico.<\/p>\n<p>A reuni\u00e3o ser\u00e1 realizada no Audit\u00f3rio Nereu Ramos, \u00e0s 16h30.<\/p>\n<p><a href=\"https:\/\/www.camara.leg.br\/evento-legislativo\/80340\">Veja quem foi convidado<\/a><\/p>\n<p>O debate atende a pedido da deputada Alice Portugal (PCdoB-BA). Segundo ela, as propostas apresentadas pelo <a href=\"https:\/\/www2.camara.leg.br\/atividade-legislativa\/comissoes\/comissoes-temporarias\/especiais\/57a-legislatura\/grupo-de-trabalho-sobre-a-reforma-administrativa\/membros\">grupo de trabalho da reforma administrativa<\/a> s\u00e3o amplas e complexas e t\u00eam como orienta\u00e7\u00e3o um ajuste fiscal permanente, com impactos diretos na organiza\u00e7\u00e3o das administra\u00e7\u00f5es p\u00fablicas federal, estadual e municipal.<\/p>\n<p><a href=\"https:\/\/infograficos.camara.leg.br\/reformaadministrativa\/\">Confira as propostas do grupo de trabalho da reforma administrativa<\/a><\/p>\n<p>Alice Portugal ressalta que as mudan\u00e7as sugeridas atingem temas como concursos p\u00fablicos, contratos tempor\u00e1rios, est\u00e1gio probat\u00f3rio, carreiras, remunera\u00e7\u00e3o, avalia\u00e7\u00e3o de desempenho e estabilidade.<\/p>\n<p>A parlamentar destaca que as medidas podem alterar de forma profunda a estrutura do servi\u00e7o p\u00fablico ao estabelecer a necessidade de dimensionamento de pessoal, prioriza\u00e7\u00e3o de \u00e1reas estrat\u00e9gicas e defini\u00e7\u00e3o de carreiras transversais.<\/p>\n<p><a href=\"https:\/\/www.camara.leg.br\/noticias\/1209763-pec-da-reforma-administrativa-promove-resultados-governo-digital-e-combate-a-privilegios\/\">PEC da reforma administrativa prev\u00ea metas e combate a privil\u00e9gios<\/a><\/p>\n<p>A deputada acrescenta que o debate tamb\u00e9m envolve a proposta de tabela remunerat\u00f3ria unificada, a veda\u00e7\u00e3o de gratifica\u00e7\u00f5es por categoria ou tempo de servi\u00e7o e a limita\u00e7\u00e3o de cargos comissionados a 5% do total, podendo alcan\u00e7ar 10% em situa\u00e7\u00f5es justificadas.<\/p>\n<p>\u201cPelo elenco de mudan\u00e7as sugeridas e pela gravidade com que afetam todo o servi\u00e7o p\u00fablico, acredito que \u00e9 dever desta comiss\u00e3o discutir as propostas que tratam da reforma administrativa\u201d, afirma Alice Portugal.<\/p>","protected":false},"excerpt":{"rendered":"<p>Kayo Magalh\u00e3es \/ C\u00e2mara dos Deputados Alice prop\u00f4s a realiza\u00e7\u00e3o do debate A Comiss\u00e3o de Administra\u00e7\u00e3o e Servi\u00e7o P\u00fablico da C\u00e2mara dos Deputados realiza na ter\u00e7a-feira (25) audi\u00eancia p\u00fablica para discutir os reflexos da reforma administrativa no servi\u00e7o p\u00fablico. A reuni\u00e3o ser\u00e1 realizada no Audit\u00f3rio Nereu Ramos, \u00e0s 16h30. Veja quem foi convidado O debate [&hellip;]<\/p>\n","protected":false},"author":0,"featured_media":0,"comment_status":"open","ping_status":"open","sticky":false,"template":"","format":"standard","meta":{"footnotes":""},"categories":[1],"tags":[],"_links":{"self":[{"href":"https:\/\/jeffersonisac.adv.br\/index.php\/wp-json\/wp\/v2\/posts\/14293"}],"collection":[{"href":"https:\/\/jeffersonisac.adv.br\/index.php\/wp-json\/wp\/v2\/posts"}],"about":[{"href":"https:\/\/jeffersonisac.adv.br\/index.php\/wp-json\/wp\/v2\/types\/post"}],"replies":[{"embeddable":true,"href":"https:\/\/jeffersonisac.adv.br\/index.php\/wp-json\/wp\/v2\/comments?post=14293"}],"version-history":[{"count":0,"href":"https:\/\/jeffersonisac.adv.br\/index.php\/wp-json\/wp\/v2\/posts\/14293\/revisions"}],"wp:attachment":[{"href":"https:\/\/jeffersonisac.adv.br\/index.php\/wp-json\/wp\/v2\/media?parent=14293"}],"wp:term":[{"taxonomy":"category","embeddable":true,"href":"https:\/\/jeffersonisac.adv.br\/index.php\/wp-json\/wp\/v2\/categories?post=14293"},{"taxonomy":"post_tag","embeddable":true,"href":"https:\/\/jeffersonisac.adv.br\/index.php\/wp-json\/wp\/v2\/tags?post=14293"}],"curies":[{"name":"wp","href":"https:\/\/api.w.org\/{rel}","templated":true}]}}