{"id":14304,"date":"2025-11-19T14:24:28","date_gmt":"2025-11-19T17:24:28","guid":{"rendered":"https:\/\/jeffersonisac.adv.br\/index.php\/2025\/11\/19\/comissao-especial-vota-parecer-sobre-criacao-do-fundo-nacional-da-igualdade-racial\/"},"modified":"2025-11-19T14:24:28","modified_gmt":"2025-11-19T17:24:28","slug":"comissao-especial-vota-parecer-sobre-criacao-do-fundo-nacional-da-igualdade-racial","status":"publish","type":"post","link":"https:\/\/jeffersonisac.adv.br\/index.php\/2025\/11\/19\/comissao-especial-vota-parecer-sobre-criacao-do-fundo-nacional-da-igualdade-racial\/","title":{"rendered":"Comiss\u00e3o especial vota parecer sobre cria\u00e7\u00e3o do Fundo Nacional da Igualdade Racial"},"content":{"rendered":"<div class=\"image-container\">\n<div class=\"midia-creditos\"><em>Bruno Spada \/ C\u00e2mara dos Deputados<\/em><\/div>\n<div class=\"media-wrapper\"><\/div>\n<div class=\"midia-legenda\">Silva: iniciativa hist\u00f3rica para enfrentar desigualdades estruturais derivadas da escravid\u00e3o<\/div>\n<\/div>\n<p>A <span class=\"termoGlossario\">comiss\u00e3o especial<\/span> da C\u00e2mara dos Deputados que analisa a cria\u00e7\u00e3o do Fundo Nacional da Igualdade Racial (<a class=\"linkProposicao\" href=\"https:\/\/www.camara.leg.br\/noticias\/1132602-pec-cria-fundo-de-r-20-bilhoes-para-promover-a-inclusao-social-de-brasileiros-pretos-e-pardos\">PEC 27\/24<\/a>) re\u00fane-se na ter\u00e7a-feira (25) para discutir e votar o parecer do relator, deputado Orlando Silva (PCdoB-SP).<\/p>\n<p>A reuni\u00e3o est\u00e1 marcada para as 14 horas, no plen\u00e1rio 10.<\/p>\n<p><a href=\"https:\/\/www.camara.leg.br\/evento-legislativo\/80425\">Confira a pauta<\/a><\/p>\n<p><strong>Fundo<br \/>\n<\/strong>A proposta inclui na Constitui\u00e7\u00e3o a previs\u00e3o de fundo para financiar pol\u00edticas p\u00fablicas e projetos de promo\u00e7\u00e3o cultural, social e econ\u00f4mica de pretos e pardos.<\/p>\n<p>Para o relator, a cria\u00e7\u00e3o do fundo \u00e9 uma iniciativa hist\u00f3rica para enfrentar as desigualdades estruturais derivadas da escravid\u00e3o e do racismo sist\u00eamico no Brasil.<\/p>\n<p>A PEC prev\u00ea que a Uni\u00e3o repassar\u00e1 R$ 20 bilh\u00f5es ao fundo, de forma escalonada, com aportes de R$ 1 bilh\u00e3o por ano. O fundo poder\u00e1 ser complementado por doa\u00e7\u00f5es internacionais e outras fontes definidas em lei.<\/p>\n<p>Pelo texto, o novo fundo ser\u00e1 administrado por um banco p\u00fablico federal e ter\u00e1 um conselho consultivo, formado por representantes do poder p\u00fablico e da sociedade civil.<\/p>","protected":false},"excerpt":{"rendered":"<p>Bruno Spada \/ C\u00e2mara dos Deputados Silva: iniciativa hist\u00f3rica para enfrentar desigualdades estruturais derivadas da escravid\u00e3o A comiss\u00e3o especial da C\u00e2mara dos Deputados que analisa a cria\u00e7\u00e3o do Fundo Nacional da Igualdade Racial (PEC 27\/24) re\u00fane-se na ter\u00e7a-feira (25) para discutir e votar o parecer do relator, deputado Orlando Silva (PCdoB-SP). A reuni\u00e3o est\u00e1 marcada [&hellip;]<\/p>\n","protected":false},"author":0,"featured_media":0,"comment_status":"open","ping_status":"open","sticky":false,"template":"","format":"standard","meta":{"footnotes":""},"categories":[1],"tags":[],"_links":{"self":[{"href":"https:\/\/jeffersonisac.adv.br\/index.php\/wp-json\/wp\/v2\/posts\/14304"}],"collection":[{"href":"https:\/\/jeffersonisac.adv.br\/index.php\/wp-json\/wp\/v2\/posts"}],"about":[{"href":"https:\/\/jeffersonisac.adv.br\/index.php\/wp-json\/wp\/v2\/types\/post"}],"replies":[{"embeddable":true,"href":"https:\/\/jeffersonisac.adv.br\/index.php\/wp-json\/wp\/v2\/comments?post=14304"}],"version-history":[{"count":0,"href":"https:\/\/jeffersonisac.adv.br\/index.php\/wp-json\/wp\/v2\/posts\/14304\/revisions"}],"wp:attachment":[{"href":"https:\/\/jeffersonisac.adv.br\/index.php\/wp-json\/wp\/v2\/media?parent=14304"}],"wp:term":[{"taxonomy":"category","embeddable":true,"href":"https:\/\/jeffersonisac.adv.br\/index.php\/wp-json\/wp\/v2\/categories?post=14304"},{"taxonomy":"post_tag","embeddable":true,"href":"https:\/\/jeffersonisac.adv.br\/index.php\/wp-json\/wp\/v2\/tags?post=14304"}],"curies":[{"name":"wp","href":"https:\/\/api.w.org\/{rel}","templated":true}]}}