{"id":14313,"date":"2025-11-19T18:24:28","date_gmt":"2025-11-19T21:24:28","guid":{"rendered":"https:\/\/jeffersonisac.adv.br\/index.php\/2025\/11\/19\/camara-homenageia-o-dia-mundial-do-empreendedorismo-feminino\/"},"modified":"2025-11-19T18:24:28","modified_gmt":"2025-11-19T21:24:28","slug":"camara-homenageia-o-dia-mundial-do-empreendedorismo-feminino","status":"publish","type":"post","link":"https:\/\/jeffersonisac.adv.br\/index.php\/2025\/11\/19\/camara-homenageia-o-dia-mundial-do-empreendedorismo-feminino\/","title":{"rendered":"C\u00e2mara homenageia o Dia Mundial do Empreendedorismo Feminino"},"content":{"rendered":"<div class=\"image-container\">\n<div class=\"midia-creditos\"><em>Kayo Magalh\u00e3es \/ C\u00e2mara dos Deputados<\/em><\/div>\n<div class=\"media-wrapper\"><\/div>\n<div class=\"midia-legenda\">Parlamentares propuseram a homenagem para reconhecer o papel das mulheres na economia<\/div>\n<\/div>\n<p>A C\u00e2mara dos Deputados realizou nesta quarta-feira (19), no Plen\u00e1rio Ulysses Guimar\u00e3es, sess\u00e3o solene em homenagem ao Dia Mundial do Empreendedorismo Feminino. O debate destacou a necessidade de pol\u00edticas p\u00fablicas que ampliem o acesso ao cr\u00e9dito e \u00e0 capacita\u00e7\u00e3o profissional para mulheres empreendedoras em todo o pa\u00eds.<\/p>\n<p>Parlamentares propuseram a homenagem para reconhecer o papel das mulheres na economia. Atualmente, elas representam 34% das pessoas registradas como Microempreendedoras Individuais (MEIs) no Brasil.<\/p>\n<p>A deputada Adriana Ventura (Novo-SP), que presidiu a sess\u00e3o, afirmou que \u00e9 preciso reduzir barreiras burocr\u00e1ticas e tribut\u00e1rias.\u00a0\u201cA mulher empreendedora sustenta muitas fam\u00edlias e comunidades. Nosso papel \u00e9 simplificar a vida de quem produz e aprovar projetos que facilitem a formaliza\u00e7\u00e3o e a desburocratiza\u00e7\u00e3o dos pequenos neg\u00f3cios chefiados por mulheres\u201d, disse.<\/p>\n<p>A deputada Bia Kicis (PL-DF) destacou que o empreendedorismo fortalece a autonomia econ\u00f4mica das mulheres.\u00a0\u201cO empreendedorismo \u00e9 uma ferramenta de fortalecimento feminino. A autonomia financeira ajuda a prevenir a viol\u00eancia e ampliar as oportunidades de igualdade\u201d, afirmou.<\/p>\n<div class=\"image-container\">\n<div class=\"midia-creditos\"><em>Bruno Spada \/ C\u00e2mara dos Deputados<\/em><\/div>\n<div class=\"media-wrapper\"><\/div>\n<div class=\"midia-legenda\">Adriana Ventura defendeu redu\u00e7\u00e3o de barreiras burocr\u00e1ticas e tribut\u00e1rias<\/div>\n<\/div>\n<p><strong>Sebrae apresenta a\u00e7\u00f5es de apoio<\/strong><br \/>\nA diretora do Servi\u00e7o Brasileiro de Apoio \u00e0s Micro e Pequenas Empresas (Sebrae), a ex-deputada Margareth Coelho, apresentou programas de treinamento e mentoria voltados para mulheres.<\/p>\n<p>\u201cO Sebrae desenvolve a\u00e7\u00f5es de inclus\u00e3o digital e financeira que j\u00e1 alcan\u00e7aram milhares de mulheres\u201d, declarou.<\/p>\n<p>Ela defendeu mudan\u00e7as legais que facilitem o acesso das mulheres a linhas de financiamento.<\/p>\n<p>\u201c\u00c9 importante que os crit\u00e9rios de cr\u00e9dito considerem a dupla jornada e as especificidades dos pequenos neg\u00f3cios femininos, muitos deles informais ou de baixa escala\u201d, afirmou.<\/p>\n<div class=\"image-container\">\n<div class=\"midia-creditos\"><em>Kayo Magalh\u00e3es \/ C\u00e2mara dos Deputados<\/em><\/div>\n<div class=\"media-wrapper\"><\/div>\n<div class=\"midia-legenda\">Ana Fontes: \u201cMulheres empreendem com recursos pr\u00f3prios e t\u00eam dificuldade para obter investimentos\u201d<\/div>\n<\/div>\n<p><strong>Entidades pedem redu\u00e7\u00e3o das desigualdades<br \/>\n<\/strong>A presidente da Rede Mulher Empreendedora, Ana Fontes, chamou aten\u00e7\u00e3o para os desafios enfrentados por mulheres que abrem seus neg\u00f3cios por necessidade.\u00a0\u201cA maioria das mulheres empreende com recursos pr\u00f3prios e encontra dificuldade para obter investimentos\u201d, disse.<\/p>\n<p>Ela tamb\u00e9m pediu pol\u00edticas p\u00fablicas adicionais: \u201cPrecisamos de licen\u00e7a-maternidade ampliada e de incentivos fiscais para empresas que oferecem creche. O empreendedorismo deve ser uma escolha sustent\u00e1vel, n\u00e3o a \u00fanica alternativa.\u201d<\/p>\n<p>A sess\u00e3o contou com a presen\u00e7a de empres\u00e1rias e representantes de organiza\u00e7\u00f5es, entre elas a presidente do Conselho da Mulher Empreendedora e da Cultura, Beatriz Guimar\u00e3es.<\/p>","protected":false},"excerpt":{"rendered":"<p>Kayo Magalh\u00e3es \/ C\u00e2mara dos Deputados Parlamentares propuseram a homenagem para reconhecer o papel das mulheres na economia A C\u00e2mara dos Deputados realizou nesta quarta-feira (19), no Plen\u00e1rio Ulysses Guimar\u00e3es, sess\u00e3o solene em homenagem ao Dia Mundial do Empreendedorismo Feminino. O debate destacou a necessidade de pol\u00edticas p\u00fablicas que ampliem o acesso ao cr\u00e9dito e [&hellip;]<\/p>\n","protected":false},"author":0,"featured_media":0,"comment_status":"open","ping_status":"open","sticky":false,"template":"","format":"standard","meta":{"footnotes":""},"categories":[1],"tags":[],"_links":{"self":[{"href":"https:\/\/jeffersonisac.adv.br\/index.php\/wp-json\/wp\/v2\/posts\/14313"}],"collection":[{"href":"https:\/\/jeffersonisac.adv.br\/index.php\/wp-json\/wp\/v2\/posts"}],"about":[{"href":"https:\/\/jeffersonisac.adv.br\/index.php\/wp-json\/wp\/v2\/types\/post"}],"replies":[{"embeddable":true,"href":"https:\/\/jeffersonisac.adv.br\/index.php\/wp-json\/wp\/v2\/comments?post=14313"}],"version-history":[{"count":0,"href":"https:\/\/jeffersonisac.adv.br\/index.php\/wp-json\/wp\/v2\/posts\/14313\/revisions"}],"wp:attachment":[{"href":"https:\/\/jeffersonisac.adv.br\/index.php\/wp-json\/wp\/v2\/media?parent=14313"}],"wp:term":[{"taxonomy":"category","embeddable":true,"href":"https:\/\/jeffersonisac.adv.br\/index.php\/wp-json\/wp\/v2\/categories?post=14313"},{"taxonomy":"post_tag","embeddable":true,"href":"https:\/\/jeffersonisac.adv.br\/index.php\/wp-json\/wp\/v2\/tags?post=14313"}],"curies":[{"name":"wp","href":"https:\/\/api.w.org\/{rel}","templated":true}]}}