{"id":14314,"date":"2025-11-24T08:24:40","date_gmt":"2025-11-24T11:24:40","guid":{"rendered":"https:\/\/jeffersonisac.adv.br\/index.php\/2025\/11\/24\/comissao-de-constituicao-e-justica-aprova-criacao-de-estatuto-para-guardas-civis-patrimoniais-municipais\/"},"modified":"2025-11-24T08:24:40","modified_gmt":"2025-11-24T11:24:40","slug":"comissao-de-constituicao-e-justica-aprova-criacao-de-estatuto-para-guardas-civis-patrimoniais-municipais","status":"publish","type":"post","link":"https:\/\/jeffersonisac.adv.br\/index.php\/2025\/11\/24\/comissao-de-constituicao-e-justica-aprova-criacao-de-estatuto-para-guardas-civis-patrimoniais-municipais\/","title":{"rendered":"Comiss\u00e3o de Constitui\u00e7\u00e3o e Justi\u00e7a aprova cria\u00e7\u00e3o de estatuto para guardas civis patrimoniais municipais"},"content":{"rendered":"<div class=\"image-container\">\n<div class=\"midia-creditos\"><em>Pablo Valadares\/C\u00e2mara dos Deputados<\/em><\/div>\n<div class=\"media-wrapper\"><\/div>\n<div class=\"midia-legenda\">Coronel Fernanda incluiu previs\u00e3o de porte de arma para os guardas patrimoniais<\/div>\n<\/div>\n<p>A Comiss\u00e3o de Constitui\u00e7\u00e3o e Justi\u00e7a e de Cidadania (CCJ) da C\u00e2mara dos Deputados aprovou, em <span class=\"termoGlossario\">car\u00e1ter conclusivo<\/span>, projeto que cria o Estatuto Geral das Guardas Civis Patrimoniais Municipais. Essas corpora\u00e7\u00f5es s\u00e3o respons\u00e1veis por proteger os bens p\u00fablicos do munic\u00edpio, como pr\u00e9dios, pra\u00e7as, hospitais e museus.<\/p>\n<p>A proposta seguir\u00e1 agora para an\u00e1lise do Senado, a menos que haja recurso para que seja votada antes pelo Plen\u00e1rio da C\u00e2mara.<\/p>\n<p><a href=\"https:\/\/www.camara.leg.br\/noticias\/573454-SAIBA-MAIS-SOBRE-A-TRAMITACAO-DE-PROJETOS-DE-LEI\">Saiba mais sobre a tramita\u00e7\u00e3o de projetos de lei<\/a><\/p>\n<p>O texto prev\u00ea que:<\/p>\n<p>a guarda patrimonial ser\u00e1 criada por lei municipal e subordinada ao prefeito;<br \/>\nos guardas ter\u00e3o c\u00f3digo de conduta pr\u00f3prio, uniforme padr\u00e3o, porte de arma de fogo e viaturas; e<br \/>\nos agentes poder\u00e3o ter outras fun\u00e7\u00f5es, como auxiliar na seguran\u00e7a de eventos e autoridades, e apoiar as autoridades de tr\u00e2nsito (Detran e policiais).<\/p>\n<p>Para ingressar na corpora\u00e7\u00e3o, os candidatos devem atender a requisitos como nacionalidade brasileira, idade m\u00ednima de 18 anos, n\u00edvel m\u00e9dio de escolaridade, aptid\u00e3o f\u00edsica e bons antecedentes.<\/p>\n<p>O texto aprovado \u00e9 o <span class=\"termoGlossario\">substitutivo<\/span> da relatora, deputada Coronel Fernanda (PL-MT), ao <a class=\"linkProposicao\" href=\"https:\/\/www.camara.leg.br\/noticias\/1044687-projeto-cria-estatuto-para-guardas-civis-patrimoniais-municipais\">Projeto de Lei 502\/24<\/a>, do deputado Sargento Portugal (Pode-RJ). Portugal afirma que o objetivo \u00e9 padronizar a atividade que hoje \u00e9 exercida com diversos nomes, como vigilante ou auxiliar de seguran\u00e7a, mas com fun\u00e7\u00f5es complementares. O estatuto re\u00fane todos sob a mesma lei.<\/p>\n<p><a href=\"https:\/\/www.camara.leg.br\/proposicoesWeb\/prop_mostrarintegra?codteor=3039278&amp;filename=SBT+3+CCJC+%3D%3E+PL+502\/2024\">Confira a \u00edntegra da proposta aprovada<\/a><\/p>\n<p><strong>Unifica\u00e7\u00e3o de carreiras<br \/>\n<\/strong>Segundo o projeto aprovado, o munic\u00edpio poder\u00e1 unificar carreiras j\u00e1 existentes, desde que os servidores tenham:<\/p>\n<p>sido aprovados em concurso p\u00fablico; e<br \/>\nfun\u00e7\u00f5es, escolaridade e sal\u00e1rios semelhantes.<\/p>\n<p>Servidores que tiverem seus cargos unificados ter\u00e3o at\u00e9 dois anos para se adaptar aos novos requisitos. Durante esse per\u00edodo, eles manter\u00e3o seus direitos e benef\u00edcios e continuar\u00e3o exercendo suas atividades.<\/p>\n<p>O substitutivo da relatora estabelece que o prazo de dois anos come\u00e7a a contar da publica\u00e7\u00e3o da lei municipal que criar a guarda. O novo texto tamb\u00e9m altera o <a href=\"https:\/\/www2.camara.leg.br\/legin\/fed\/lei\/2003\/lei-10826-22-dezembro-2003-490580-norma-pl.html\">Estatuto do Desarmamento<\/a> para incluir a previs\u00e3o de porte de arma para os membros das guardas civis patrimoniais municipais, nas mesmas condi\u00e7\u00f5es das aplic\u00e1veis \u00e0s guardas municipais.<\/p>\n<p>O projeto aprovado n\u00e3o trata das guardas civis n\u00e3o patrimoniais, que continuam existindo com regras pr\u00f3prias (<a href=\"https:\/\/www2.camara.leg.br\/legin\/fed\/lei\/2014\/lei-13022-8-agosto-2014-779152-norma-pl.html\">Estatuto Geral das Guardas Municipais<\/a>, em vigor desde 2014).<\/p>","protected":false},"excerpt":{"rendered":"<p>Pablo Valadares\/C\u00e2mara dos Deputados Coronel Fernanda incluiu previs\u00e3o de porte de arma para os guardas patrimoniais A Comiss\u00e3o de Constitui\u00e7\u00e3o e Justi\u00e7a e de Cidadania (CCJ) da C\u00e2mara dos Deputados aprovou, em car\u00e1ter conclusivo, projeto que cria o Estatuto Geral das Guardas Civis Patrimoniais Municipais. Essas corpora\u00e7\u00f5es s\u00e3o respons\u00e1veis por proteger os bens p\u00fablicos do [&hellip;]<\/p>\n","protected":false},"author":0,"featured_media":0,"comment_status":"open","ping_status":"open","sticky":false,"template":"","format":"standard","meta":{"footnotes":""},"categories":[1],"tags":[],"_links":{"self":[{"href":"https:\/\/jeffersonisac.adv.br\/index.php\/wp-json\/wp\/v2\/posts\/14314"}],"collection":[{"href":"https:\/\/jeffersonisac.adv.br\/index.php\/wp-json\/wp\/v2\/posts"}],"about":[{"href":"https:\/\/jeffersonisac.adv.br\/index.php\/wp-json\/wp\/v2\/types\/post"}],"replies":[{"embeddable":true,"href":"https:\/\/jeffersonisac.adv.br\/index.php\/wp-json\/wp\/v2\/comments?post=14314"}],"version-history":[{"count":0,"href":"https:\/\/jeffersonisac.adv.br\/index.php\/wp-json\/wp\/v2\/posts\/14314\/revisions"}],"wp:attachment":[{"href":"https:\/\/jeffersonisac.adv.br\/index.php\/wp-json\/wp\/v2\/media?parent=14314"}],"wp:term":[{"taxonomy":"category","embeddable":true,"href":"https:\/\/jeffersonisac.adv.br\/index.php\/wp-json\/wp\/v2\/categories?post=14314"},{"taxonomy":"post_tag","embeddable":true,"href":"https:\/\/jeffersonisac.adv.br\/index.php\/wp-json\/wp\/v2\/tags?post=14314"}],"curies":[{"name":"wp","href":"https:\/\/api.w.org\/{rel}","templated":true}]}}