{"id":14315,"date":"2025-11-24T09:24:25","date_gmt":"2025-11-24T12:24:25","guid":{"rendered":"https:\/\/jeffersonisac.adv.br\/index.php\/2025\/11\/24\/comissao-aprova-matricula-garantida-na-rede-publica-para-dependente-de-policial-transferido\/"},"modified":"2025-11-24T09:24:25","modified_gmt":"2025-11-24T12:24:25","slug":"comissao-aprova-matricula-garantida-na-rede-publica-para-dependente-de-policial-transferido","status":"publish","type":"post","link":"https:\/\/jeffersonisac.adv.br\/index.php\/2025\/11\/24\/comissao-aprova-matricula-garantida-na-rede-publica-para-dependente-de-policial-transferido\/","title":{"rendered":"Comiss\u00e3o aprova matr\u00edcula garantida na rede p\u00fablica para dependente de policial transferido"},"content":{"rendered":"<div class=\"image-container\">\n<div class=\"midia-creditos\"><em>Kayo Magalh\u00e3es \/ C\u00e2mara dos Deputados<\/em><\/div>\n<div class=\"media-wrapper\"><\/div>\n<div class=\"midia-legenda\">Nikolas Ferreira \u00e9 o relator do projeto de lei<\/div>\n<\/div>\n<p>A Comiss\u00e3o de Constitui\u00e7\u00e3o e Justi\u00e7a e de Cidadania da C\u00e2mara dos Deputados aprovou o <a class=\"linkProposicao\" href=\"https:\/\/www.camara.leg.br\/noticias\/1004926-proposta-assegura-matricula-na-rede-publica-aos-dependentes-de-policial-transferido-para-outra-cidade\">Projeto de Lei 3559\/23<\/a>, do deputado Eriberto Medeiros (PSB-PE), que assegura ao profissional de seguran\u00e7a p\u00fablica removido para outra cidade a matr\u00edcula imediata dos dependentes na rede p\u00fablica de ensino.<\/p>\n<p>O texto segue para o Senado, caso n\u00e3o haja recurso de an\u00e1lise pelo Plen\u00e1rio.<\/p>\n<p><a href=\"https:\/\/www.camara.leg.br\/noticias\/573454-SAIBA-MAIS-SOBRE-A-TRAMITACAO-DE-PROJETOS-DE-LEI\">Saiba mais sobre a tramita\u00e7\u00e3o de projetos de lei\u00a0<\/a><\/p>\n<p>Essa regra ser\u00e1 v\u00e1lida, entre outros, para integrantes da Pol\u00edcia Militar, da Pol\u00edcia Civil, do Corpo de Bombeiros Militar, da Pol\u00edcia Federal, da Pol\u00edcia Rodovi\u00e1ria Federal, da Pol\u00edcia Penal, das pol\u00edcias cient\u00edficas e das guardas municipais.<\/p>\n<p>Para o relator, deputado Nikolas Ferreira (PL-MG), a medida \u00e9 interessante at\u00e9 para os policiais atuarem com a tranquilidade de saber que sua fam\u00edlia est\u00e1 bem cuidada. &#8220;O projeto protege, de uma s\u00f3 vez, importantes valores constitucionais, como os direitos sociais \u00e0 educa\u00e7\u00e3o, ao trabalho, \u00e0 seguran\u00e7a e \u00e0 prote\u00e7\u00e3o \u00e0 inf\u00e2ncia&#8221;, disse.<\/p>\n<p>Ferreira defendeu aprovar mudan\u00e7a da Comiss\u00e3o de Educa\u00e7\u00e3o que detalha quem s\u00e3o os profissionais de seguran\u00e7a p\u00fablica, entre eles policiais federais, militares e civis, bombeiros e guardas municipais. &#8220;A emenda fortalece a proposta, deixando-a mais clara e tecnicamente rigorosa, ao estabelecer um rol exemplificativo de unidades \u00e0s quais o agente alvo do projeto esteja vinculado&#8221;, afirmou.<\/p>","protected":false},"excerpt":{"rendered":"<p>Kayo Magalh\u00e3es \/ C\u00e2mara dos Deputados Nikolas Ferreira \u00e9 o relator do projeto de lei A Comiss\u00e3o de Constitui\u00e7\u00e3o e Justi\u00e7a e de Cidadania da C\u00e2mara dos Deputados aprovou o Projeto de Lei 3559\/23, do deputado Eriberto Medeiros (PSB-PE), que assegura ao profissional de seguran\u00e7a p\u00fablica removido para outra cidade a matr\u00edcula imediata dos dependentes [&hellip;]<\/p>\n","protected":false},"author":0,"featured_media":0,"comment_status":"open","ping_status":"open","sticky":false,"template":"","format":"standard","meta":{"footnotes":""},"categories":[1],"tags":[],"_links":{"self":[{"href":"https:\/\/jeffersonisac.adv.br\/index.php\/wp-json\/wp\/v2\/posts\/14315"}],"collection":[{"href":"https:\/\/jeffersonisac.adv.br\/index.php\/wp-json\/wp\/v2\/posts"}],"about":[{"href":"https:\/\/jeffersonisac.adv.br\/index.php\/wp-json\/wp\/v2\/types\/post"}],"replies":[{"embeddable":true,"href":"https:\/\/jeffersonisac.adv.br\/index.php\/wp-json\/wp\/v2\/comments?post=14315"}],"version-history":[{"count":0,"href":"https:\/\/jeffersonisac.adv.br\/index.php\/wp-json\/wp\/v2\/posts\/14315\/revisions"}],"wp:attachment":[{"href":"https:\/\/jeffersonisac.adv.br\/index.php\/wp-json\/wp\/v2\/media?parent=14315"}],"wp:term":[{"taxonomy":"category","embeddable":true,"href":"https:\/\/jeffersonisac.adv.br\/index.php\/wp-json\/wp\/v2\/categories?post=14315"},{"taxonomy":"post_tag","embeddable":true,"href":"https:\/\/jeffersonisac.adv.br\/index.php\/wp-json\/wp\/v2\/tags?post=14315"}],"curies":[{"name":"wp","href":"https:\/\/api.w.org\/{rel}","templated":true}]}}