{"id":14316,"date":"2025-11-24T09:24:25","date_gmt":"2025-11-24T12:24:25","guid":{"rendered":"https:\/\/jeffersonisac.adv.br\/index.php\/2025\/11\/24\/comissao-debate-falsificacoes-e-adulteracoes-de-produtos-para-saude\/"},"modified":"2025-11-24T09:24:25","modified_gmt":"2025-11-24T12:24:25","slug":"comissao-debate-falsificacoes-e-adulteracoes-de-produtos-para-saude","status":"publish","type":"post","link":"https:\/\/jeffersonisac.adv.br\/index.php\/2025\/11\/24\/comissao-debate-falsificacoes-e-adulteracoes-de-produtos-para-saude\/","title":{"rendered":"Comiss\u00e3o debate falsifica\u00e7\u00f5es e adultera\u00e7\u00f5es de produtos para sa\u00fade"},"content":{"rendered":"<div class=\"image-container\">\n<div class=\"midia-creditos\"><em>Depositphotos<\/em><\/div>\n<div class=\"media-wrapper\"><\/div>\n<div class=\"midia-legenda\">Proposta \u00e9 avaliar os impactos econ\u00f4micos, jur\u00eddicos e sociais das falsifica\u00e7\u00f5es<\/div>\n<\/div>\n<p>A Comiss\u00e3o de Sa\u00fade da C\u00e2mara dos Deputados debate, na ter\u00e7a-feira (25), o avan\u00e7o das falsifica\u00e7\u00f5es e adultera\u00e7\u00f5es de produtos para sa\u00fade, incluindo medicamentos, servi\u00e7os, documentos e informa\u00e7\u00f5es.<\/p>\n<p>O debate foi solicitado pela deputada Rosangela Moro (Uni\u00e3o-SP) e ser\u00e1 realizado \u00e0s 17 horas, no plen\u00e1rio 7.<\/p>\n<p>&#8211; <a href=\"https:\/\/www.camara.leg.br\/evento-legislativo\/80363\">Confira a lista de convidados e envie suas perguntas<\/a><\/p>\n<p>O objetivo da audi\u00eancia p\u00fablica \u00e9 avaliar os impactos econ\u00f4micos, jur\u00eddicos e sociais das falsifica\u00e7\u00f5es no setor da sa\u00fade e discutir medidas para fortalecer o combate a essas pr\u00e1ticas il\u00edcitas.<\/p>\n<p>Dados da Pol\u00edcia Federal e da Ag\u00eancia Nacional de Vigil\u00e2ncia Sanit\u00e1ria (Anvisa) indicam que medicamentos falsificados t\u00eam sido apreendidos em larga escala, com riscos graves \u00e0 sa\u00fade p\u00fablica, especialmente em casos de aus\u00eancia ou altera\u00e7\u00e3o da subst\u00e2ncia ativa.<\/p>\n<p>&#8220;A falsifica\u00e7\u00e3o mina a confian\u00e7a p\u00fablica nos \u00f3rg\u00e3os reguladores, compromete a<br \/>\nseguran\u00e7a dos consumidores e fortalece redes criminosas de grande escala. Al\u00e9m dos danos \u00e0 sa\u00fade e ao patrim\u00f4nio, ela gera perda de credibilidade cient\u00edfica e<br \/>\ninstitucional, prejudicando a formula\u00e7\u00e3o de pol\u00edticas baseadas em evid\u00eancias e<br \/>\ndesestimulando investimentos no setor produtivo nacional&#8221;, afirma a deputada.<\/p>\n<p>Rosangela Moro espera, com o debate:<\/p>\n<p>mapear causas e lacunas institucionais que favorecem o avan\u00e7o das falsifica\u00e7\u00f5es;<br \/>\navaliar instrumentos legais e tecnol\u00f3gicos de rastreabilidade;<br \/>\nfortalecer a integra\u00e7\u00e3o entre \u00f3rg\u00e3os fiscalizadores e entidades cient\u00edficas; e<br \/>\npropor medidas legislativas e administrativas para preven\u00e7\u00e3o e repress\u00e3o.<\/p>","protected":false},"excerpt":{"rendered":"<p>Depositphotos Proposta \u00e9 avaliar os impactos econ\u00f4micos, jur\u00eddicos e sociais das falsifica\u00e7\u00f5es A Comiss\u00e3o de Sa\u00fade da C\u00e2mara dos Deputados debate, na ter\u00e7a-feira (25), o avan\u00e7o das falsifica\u00e7\u00f5es e adultera\u00e7\u00f5es de produtos para sa\u00fade, incluindo medicamentos, servi\u00e7os, documentos e informa\u00e7\u00f5es. O debate foi solicitado pela deputada Rosangela Moro (Uni\u00e3o-SP) e ser\u00e1 realizado \u00e0s 17 horas, [&hellip;]<\/p>\n","protected":false},"author":0,"featured_media":0,"comment_status":"open","ping_status":"open","sticky":false,"template":"","format":"standard","meta":{"footnotes":""},"categories":[1],"tags":[],"_links":{"self":[{"href":"https:\/\/jeffersonisac.adv.br\/index.php\/wp-json\/wp\/v2\/posts\/14316"}],"collection":[{"href":"https:\/\/jeffersonisac.adv.br\/index.php\/wp-json\/wp\/v2\/posts"}],"about":[{"href":"https:\/\/jeffersonisac.adv.br\/index.php\/wp-json\/wp\/v2\/types\/post"}],"replies":[{"embeddable":true,"href":"https:\/\/jeffersonisac.adv.br\/index.php\/wp-json\/wp\/v2\/comments?post=14316"}],"version-history":[{"count":0,"href":"https:\/\/jeffersonisac.adv.br\/index.php\/wp-json\/wp\/v2\/posts\/14316\/revisions"}],"wp:attachment":[{"href":"https:\/\/jeffersonisac.adv.br\/index.php\/wp-json\/wp\/v2\/media?parent=14316"}],"wp:term":[{"taxonomy":"category","embeddable":true,"href":"https:\/\/jeffersonisac.adv.br\/index.php\/wp-json\/wp\/v2\/categories?post=14316"},{"taxonomy":"post_tag","embeddable":true,"href":"https:\/\/jeffersonisac.adv.br\/index.php\/wp-json\/wp\/v2\/tags?post=14316"}],"curies":[{"name":"wp","href":"https:\/\/api.w.org\/{rel}","templated":true}]}}