{"id":14319,"date":"2025-11-24T10:29:42","date_gmt":"2025-11-24T13:29:42","guid":{"rendered":"https:\/\/jeffersonisac.adv.br\/index.php\/2025\/11\/24\/comissao-realiza-forum-para-discutir-politicas-voltadas-ao-esporte\/"},"modified":"2025-11-24T10:29:42","modified_gmt":"2025-11-24T13:29:42","slug":"comissao-realiza-forum-para-discutir-politicas-voltadas-ao-esporte","status":"publish","type":"post","link":"https:\/\/jeffersonisac.adv.br\/index.php\/2025\/11\/24\/comissao-realiza-forum-para-discutir-politicas-voltadas-ao-esporte\/","title":{"rendered":"Comiss\u00e3o realiza f\u00f3rum para discutir pol\u00edticas voltadas ao esporte"},"content":{"rendered":"<div class=\"image-container\">\n<div class=\"midia-creditos\"><em>Renato Alves\/Ag\u00eancia Bras\u00edlia<\/em><\/div>\n<div class=\"media-wrapper\"><\/div>\n<div class=\"midia-legenda\">Import\u00e2ncia do esporte para a educa\u00e7\u00e3o ser\u00e1 um dos temas discutidos<\/div>\n<\/div>\n<p>A Comiss\u00e3o do Esporte da C\u00e2mara dos Deputados promove na quarta (26) e na quinta- feira (27) o 3\u00ba F\u00f3rum Legislativo do Esporte, com o objetivo de debater pol\u00edticas p\u00fablicas e propostas legislativas voltadas ao setor esportivo.<\/p>\n<p>O evento foi solicitado pelos deputados Laura Carneiro (PSD-RJ), Danrlei de Deus Hinterholz (PSD-RS), Helena Lima (MDB-RR), Maur\u00edcio do V\u00f4lei (PL-MG), Luiz Lima (Novo-RJ), Dr. Luiz Ovando (PP-MS) e Douglas Viegas (Uni\u00e3o-SP), e d\u00e1 continuidade \u00e0s edi\u00e7\u00f5es realizadas em 2023 e 2024.<\/p>\n<p>A programa\u00e7\u00e3o do 3\u00ba F\u00f3rum Legislativo do Esporte inclui tr\u00eas mesas redondas:<\/p>\n<p><strong>Quarta-feira, 26 de novembro<\/strong><\/p>\n<p><a href=\"https:\/\/www.camara.leg.br\/evento-legislativo\/80124\">9h30 \u2013 Mesa Redonda: Pessoas<\/a><\/p>\n<p>Ouvindo para transformar: experi\u00eancias que constroem um futuro esportivo<\/p>\n<p>Local: Sal\u00e3o Nobre<\/p>\n<p><a href=\"https:\/\/www.camara.leg.br\/evento-legislativo\/80118\">14h \u2013 Mesa Redonda: Organiza\u00e7\u00f5es<\/a><\/p>\n<p>Esporte como pol\u00edtica de Estado: atribui\u00e7\u00f5es para construir um Brasil esportivo<\/p>\n<p>Local: plen\u00e1rio 4<\/p>\n<p><strong>Quinta-feira, 27 de novembro<\/strong><\/p>\n<p><a href=\"https:\/\/www.camara.leg.br\/evento-legislativo\/80125\">9h30 \u2013 Mesa Redonda: Propostas<\/a><\/p>\n<p>Construindo caminhos: propostas para o Brasil esportivo<\/p>\n<p>Local: plen\u00e1rio 4<\/p>\n<p>O evento reunir\u00e1 parlamentares, atletas, treinadores, dirigentes, gestores esportivos, acad\u00eamicos, empreendedores e representantes da sociedade civil para discutir temas como or\u00e7amento p\u00fablico, carreira esportiva, esportes eletr\u00f4nicos, esporte e educa\u00e7\u00e3o, sa\u00fade e governan\u00e7a.<\/p>","protected":false},"excerpt":{"rendered":"<p>Renato Alves\/Ag\u00eancia Bras\u00edlia Import\u00e2ncia do esporte para a educa\u00e7\u00e3o ser\u00e1 um dos temas discutidos A Comiss\u00e3o do Esporte da C\u00e2mara dos Deputados promove na quarta (26) e na quinta- feira (27) o 3\u00ba F\u00f3rum Legislativo do Esporte, com o objetivo de debater pol\u00edticas p\u00fablicas e propostas legislativas voltadas ao setor esportivo. O evento foi solicitado [&hellip;]<\/p>\n","protected":false},"author":0,"featured_media":0,"comment_status":"open","ping_status":"open","sticky":false,"template":"","format":"standard","meta":{"footnotes":""},"categories":[1],"tags":[],"_links":{"self":[{"href":"https:\/\/jeffersonisac.adv.br\/index.php\/wp-json\/wp\/v2\/posts\/14319"}],"collection":[{"href":"https:\/\/jeffersonisac.adv.br\/index.php\/wp-json\/wp\/v2\/posts"}],"about":[{"href":"https:\/\/jeffersonisac.adv.br\/index.php\/wp-json\/wp\/v2\/types\/post"}],"replies":[{"embeddable":true,"href":"https:\/\/jeffersonisac.adv.br\/index.php\/wp-json\/wp\/v2\/comments?post=14319"}],"version-history":[{"count":0,"href":"https:\/\/jeffersonisac.adv.br\/index.php\/wp-json\/wp\/v2\/posts\/14319\/revisions"}],"wp:attachment":[{"href":"https:\/\/jeffersonisac.adv.br\/index.php\/wp-json\/wp\/v2\/media?parent=14319"}],"wp:term":[{"taxonomy":"category","embeddable":true,"href":"https:\/\/jeffersonisac.adv.br\/index.php\/wp-json\/wp\/v2\/categories?post=14319"},{"taxonomy":"post_tag","embeddable":true,"href":"https:\/\/jeffersonisac.adv.br\/index.php\/wp-json\/wp\/v2\/tags?post=14319"}],"curies":[{"name":"wp","href":"https:\/\/api.w.org\/{rel}","templated":true}]}}