{"id":14322,"date":"2025-11-24T10:29:42","date_gmt":"2025-11-24T13:29:42","guid":{"rendered":"https:\/\/jeffersonisac.adv.br\/index.php\/2025\/11\/24\/relator-defende-criacao-de-fundo-para-financiar-politicas-de-inclusao-de-negros-no-brasil-assista\/"},"modified":"2025-11-24T10:29:42","modified_gmt":"2025-11-24T13:29:42","slug":"relator-defende-criacao-de-fundo-para-financiar-politicas-de-inclusao-de-negros-no-brasil-assista","status":"publish","type":"post","link":"https:\/\/jeffersonisac.adv.br\/index.php\/2025\/11\/24\/relator-defende-criacao-de-fundo-para-financiar-politicas-de-inclusao-de-negros-no-brasil-assista\/","title":{"rendered":"Relator defende cria\u00e7\u00e3o de fundo para financiar pol\u00edticas de inclus\u00e3o de negros no Brasil; assista"},"content":{"rendered":"<div class=\"video-container youtube youtube-100\">\n<div class=\"midia-creditos\"><\/div>\n\n<div class=\"midia-legenda\"><\/div>\n<\/div>\n<p>O Dia da Consci\u00eancia Negra (20 de novembro), feriado nacional desde 2023, refor\u00e7a a import\u00e2ncia de reconhecer e combater o racismo estrutural no Brasil.<\/p>\n<p>Na C\u00e2mara dos Deputados, a bancada negra trabalha para aprovar a\u00e7\u00f5es que reparem as viol\u00eancias e desigualdades hist\u00f3ricas sofridas pelos negros.<\/p>\n<p>Em entrevista ao programa <em>Painel Eletr\u00f4nico<\/em>, da R\u00e1dio C\u00e2mara, o deputado Orlando Silva (PCdoB-SP) defendeu a aprova\u00e7\u00e3o da proposta (<a class=\"linkProposicao\" href=\"https:\/\/www.camara.leg.br\/noticias\/1132602-pec-cria-fundo-de-r-20-bilhoes-para-promover-a-inclusao-social-de-brasileiros-pretos-e-pardos\">PEC 27\/24<\/a>) que cria um fundo para financiar pol\u00edticas p\u00fablicas de promo\u00e7\u00e3o cultural, social e econ\u00f4mica de pretos e pardos no pa\u00eds.<\/p>\n<p>Orlando Silva \u00e9 o relator da PEC na <span class=\"termoGlossario\">comiss\u00e3o especial<\/span> que analisa o tema. &#8220;Pesquisas indicam que quase 85% dos negros no Brasil dizem ter sofrido algum tipo de discrimina\u00e7\u00e3o. Eles s\u00e3o 80% das v\u00edtimas da letalidade policial e ainda a parcela da popula\u00e7\u00e3o que mais tem dificuldade de acesso \u00e0 sa\u00fade, \u00e0 educa\u00e7\u00e3o e ao trabalho&#8221;, disse o parlamentar.<\/p>\n<p>A PEC, de autoria do deputado Dami\u00e3o Feliciano (Uni\u00e3o-PB), prev\u00ea que a Uni\u00e3o repassar\u00e1 R$ 20 bilh\u00f5es ao fundo, de forma escalonada, com aportes de R$ 1 bilh\u00e3o por ano. O fundo poder\u00e1 ser complementado por doa\u00e7\u00f5es internacionais e outras fontes definidas em lei.<\/p>\n<p><a href=\"https:\/\/www.camara.leg.br\/noticias\/573448-saiba-mais-sobre-a-tramitacao-de-pecs\/\">Saiba mais sobre a tramita\u00e7\u00e3o de propostas de emenda \u00e0 Constitui\u00e7\u00e3o<\/a><\/p>","protected":false},"excerpt":{"rendered":"<p>O Dia da Consci\u00eancia Negra (20 de novembro), feriado nacional desde 2023, refor\u00e7a a import\u00e2ncia de reconhecer e combater o racismo estrutural no Brasil. Na C\u00e2mara dos Deputados, a bancada negra trabalha para aprovar a\u00e7\u00f5es que reparem as viol\u00eancias e desigualdades hist\u00f3ricas sofridas pelos negros. Em entrevista ao programa Painel Eletr\u00f4nico, da R\u00e1dio C\u00e2mara, o [&hellip;]<\/p>\n","protected":false},"author":0,"featured_media":0,"comment_status":"open","ping_status":"open","sticky":false,"template":"","format":"standard","meta":{"footnotes":""},"categories":[1],"tags":[],"_links":{"self":[{"href":"https:\/\/jeffersonisac.adv.br\/index.php\/wp-json\/wp\/v2\/posts\/14322"}],"collection":[{"href":"https:\/\/jeffersonisac.adv.br\/index.php\/wp-json\/wp\/v2\/posts"}],"about":[{"href":"https:\/\/jeffersonisac.adv.br\/index.php\/wp-json\/wp\/v2\/types\/post"}],"replies":[{"embeddable":true,"href":"https:\/\/jeffersonisac.adv.br\/index.php\/wp-json\/wp\/v2\/comments?post=14322"}],"version-history":[{"count":0,"href":"https:\/\/jeffersonisac.adv.br\/index.php\/wp-json\/wp\/v2\/posts\/14322\/revisions"}],"wp:attachment":[{"href":"https:\/\/jeffersonisac.adv.br\/index.php\/wp-json\/wp\/v2\/media?parent=14322"}],"wp:term":[{"taxonomy":"category","embeddable":true,"href":"https:\/\/jeffersonisac.adv.br\/index.php\/wp-json\/wp\/v2\/categories?post=14322"},{"taxonomy":"post_tag","embeddable":true,"href":"https:\/\/jeffersonisac.adv.br\/index.php\/wp-json\/wp\/v2\/tags?post=14322"}],"curies":[{"name":"wp","href":"https:\/\/api.w.org\/{rel}","templated":true}]}}