{"id":14323,"date":"2025-11-24T11:30:37","date_gmt":"2025-11-24T14:30:37","guid":{"rendered":"https:\/\/jeffersonisac.adv.br\/index.php\/2025\/11\/24\/comissao-debate-competencias-federativas-na-seguranca-publica-sob-a-otica-dos-estados\/"},"modified":"2025-11-24T11:30:37","modified_gmt":"2025-11-24T14:30:37","slug":"comissao-debate-competencias-federativas-na-seguranca-publica-sob-a-otica-dos-estados","status":"publish","type":"post","link":"https:\/\/jeffersonisac.adv.br\/index.php\/2025\/11\/24\/comissao-debate-competencias-federativas-na-seguranca-publica-sob-a-otica-dos-estados\/","title":{"rendered":"Comiss\u00e3o debate compet\u00eancias federativas na seguran\u00e7a p\u00fablica sob a \u00f3tica dos estados"},"content":{"rendered":"<div class=\"image-container\">\n<div class=\"midia-creditos\"><em>Vinicius Loures \/ C\u00e2mara dos Deputados<\/em><\/div>\n<div class=\"media-wrapper\"><\/div>\n<div class=\"midia-legenda\">Mendon\u00e7a Filho \u00e9 o relator na comiss\u00e3o especial<\/div>\n<\/div>\n<p>A <span class=\"termoGlossario\">comiss\u00e3o especial<\/span> da C\u00e2mara dos Deputados que analisa a <a class=\"linkProposicao\" href=\"https:\/\/www.camara.leg.br\/noticias\/1153668-proposta-do-governo-muda-estrutura-da-seguranca-publica-em-busca-de-maior-integracao-na-area\">Proposta de Emenda \u00e0 Constitui\u00e7\u00e3o (PEC) 18\/25<\/a> realiza, nesta ter\u00e7a-feira (25), audi\u00eancia p\u00fablica para debater as compet\u00eancias federativas na seguran\u00e7a p\u00fablica, sob a \u00f3tica estadual. O debate ser\u00e1 \u00e0s 10 horas, no plen\u00e1rio 2.<\/p>\n<p><a href=\"https:\/\/www.camara.leg.br\/evento-legislativo\/80433\">Veja quem foi convidado para o debate<\/a><\/p>\n<p>O debate atende a pedido do deputado Mendon\u00e7a Filho (Uni\u00e3o-PE), que \u00e9 o relator da PEC da comiss\u00e3o especial. Segundo o parlamentar, a proposta em an\u00e1lise promove uma reestrutura\u00e7\u00e3o profunda do pacto federativo na \u00e1rea da seguran\u00e7a p\u00fablica, com impactos diretos no financiamento, na governan\u00e7a e na execu\u00e7\u00e3o das pol\u00edticas de preven\u00e7\u00e3o, intelig\u00eancia e repress\u00e3o.<\/p>\n<p>Mendon\u00e7a Filho afirma que a participa\u00e7\u00e3o dos governadores \u00e9 essencial para que o texto final reflita as necessidades e capacidades reais das unidades da Federa\u00e7\u00e3o. Ele destaca que os chefes dos executivos estaduais t\u00eam papel estrat\u00e9gico na coordena\u00e7\u00e3o das for\u00e7as policiais, na articula\u00e7\u00e3o com os munic\u00edpios e na implementa\u00e7\u00e3o das pol\u00edticas nacionais de seguran\u00e7a.<\/p>\n<p>\u201cA presen\u00e7a dos governadores tamb\u00e9m refor\u00e7a o compromisso pol\u00edtico e institucional de que a seguran\u00e7a p\u00fablica deve ser tratada como responsabilidade comum, pautada na coopera\u00e7\u00e3o federativa e na corresponsabilidade de todos os n\u00edveis de governo\u201d, avalia.<\/p>","protected":false},"excerpt":{"rendered":"<p>Vinicius Loures \/ C\u00e2mara dos Deputados Mendon\u00e7a Filho \u00e9 o relator na comiss\u00e3o especial A comiss\u00e3o especial da C\u00e2mara dos Deputados que analisa a Proposta de Emenda \u00e0 Constitui\u00e7\u00e3o (PEC) 18\/25 realiza, nesta ter\u00e7a-feira (25), audi\u00eancia p\u00fablica para debater as compet\u00eancias federativas na seguran\u00e7a p\u00fablica, sob a \u00f3tica estadual. O debate ser\u00e1 \u00e0s 10 horas, [&hellip;]<\/p>\n","protected":false},"author":0,"featured_media":0,"comment_status":"open","ping_status":"open","sticky":false,"template":"","format":"standard","meta":{"footnotes":""},"categories":[1],"tags":[],"_links":{"self":[{"href":"https:\/\/jeffersonisac.adv.br\/index.php\/wp-json\/wp\/v2\/posts\/14323"}],"collection":[{"href":"https:\/\/jeffersonisac.adv.br\/index.php\/wp-json\/wp\/v2\/posts"}],"about":[{"href":"https:\/\/jeffersonisac.adv.br\/index.php\/wp-json\/wp\/v2\/types\/post"}],"replies":[{"embeddable":true,"href":"https:\/\/jeffersonisac.adv.br\/index.php\/wp-json\/wp\/v2\/comments?post=14323"}],"version-history":[{"count":0,"href":"https:\/\/jeffersonisac.adv.br\/index.php\/wp-json\/wp\/v2\/posts\/14323\/revisions"}],"wp:attachment":[{"href":"https:\/\/jeffersonisac.adv.br\/index.php\/wp-json\/wp\/v2\/media?parent=14323"}],"wp:term":[{"taxonomy":"category","embeddable":true,"href":"https:\/\/jeffersonisac.adv.br\/index.php\/wp-json\/wp\/v2\/categories?post=14323"},{"taxonomy":"post_tag","embeddable":true,"href":"https:\/\/jeffersonisac.adv.br\/index.php\/wp-json\/wp\/v2\/tags?post=14323"}],"curies":[{"name":"wp","href":"https:\/\/api.w.org\/{rel}","templated":true}]}}