{"id":14325,"date":"2025-11-24T12:27:02","date_gmt":"2025-11-24T15:27:02","guid":{"rendered":"https:\/\/jeffersonisac.adv.br\/index.php\/2025\/11\/24\/comissao-especial-debate-primeira-infancia-e-uso-responsavel-de-tecnologias-digitais\/"},"modified":"2025-11-24T12:27:02","modified_gmt":"2025-11-24T15:27:02","slug":"comissao-especial-debate-primeira-infancia-e-uso-responsavel-de-tecnologias-digitais","status":"publish","type":"post","link":"https:\/\/jeffersonisac.adv.br\/index.php\/2025\/11\/24\/comissao-especial-debate-primeira-infancia-e-uso-responsavel-de-tecnologias-digitais\/","title":{"rendered":"Comiss\u00e3o especial debate primeira inf\u00e2ncia e uso respons\u00e1vel de tecnologias digitais"},"content":{"rendered":"<div class=\"image-container\">\n<div class=\"midia-creditos\"><em>fizkes\/DepositPhotos<\/em><\/div>\n<div class=\"media-wrapper\"><\/div>\n<div class=\"midia-legenda\"><\/div>\n<\/div>\n<p>A <span class=\"termoGlossario\">comiss\u00e3o especial<\/span> da C\u00e2mara dos Deputados que analisa a <a class=\"linkProposicao\" href=\"https:\/\/www.camara.leg.br\/noticias\/1192073-pec-da-prioridade-a-criancas-de-ate-6-anos-em-direitos-constitucionais\">Proposta de Emenda \u00e0 Constitui\u00e7\u00e3o (PEC) 34\/24<\/a>, sobre a primeira inf\u00e2ncia \u2013 per\u00edodo que vai do nascimento aos 6 anos de idade \u2013 realiza audi\u00eancia p\u00fablica nesta ter\u00e7a-feira (25) para discutir a prote\u00e7\u00e3o e o desenvolvimento integral de crian\u00e7as nesse per\u00edodo de vida, diante dos desafios do ambiente digital.<\/p>\n<p>O debate foi solicitado pela relatora, deputada Amanda Gentil (PP-MA), e est\u00e1 marcado para as 14 horas, no plen\u00e1rio 14.<\/p>\n<p><a href=\"https:\/\/www.camara.leg.br\/evento-legislativo\/80444\">Veja quem foi convidado<\/a><\/p>\n<p>Amanda Gentil ressalta que a presen\u00e7a das tecnologias digitais na rotina das fam\u00edlias exige uma abordagem integrada que envolva educa\u00e7\u00e3o, sa\u00fade, direitos humanos e regula\u00e7\u00e3o digital. Entre os desafios citados est\u00e3o a exposi\u00e7\u00e3o precoce a telas, a circula\u00e7\u00e3o de conte\u00fados inadequados e os riscos associados \u00e0 privacidade e \u00e0 desinforma\u00e7\u00e3o.<\/p>\n<p>A audi\u00eancia tem o objetivo de subsidiar os trabalhos da comiss\u00e3o especial com uma vis\u00e3o atualizada dos impactos da tecnologia na inf\u00e2ncia e de orientar medidas que promovam seguran\u00e7a online, alfabetiza\u00e7\u00e3o digital e bem-estar no desenvolvimento das crian\u00e7as brasileiras.<\/p>\n<p>\u00a0<\/p>","protected":false},"excerpt":{"rendered":"<p>fizkes\/DepositPhotos A comiss\u00e3o especial da C\u00e2mara dos Deputados que analisa a Proposta de Emenda \u00e0 Constitui\u00e7\u00e3o (PEC) 34\/24, sobre a primeira inf\u00e2ncia \u2013 per\u00edodo que vai do nascimento aos 6 anos de idade \u2013 realiza audi\u00eancia p\u00fablica nesta ter\u00e7a-feira (25) para discutir a prote\u00e7\u00e3o e o desenvolvimento integral de crian\u00e7as nesse per\u00edodo de vida, diante [&hellip;]<\/p>\n","protected":false},"author":0,"featured_media":0,"comment_status":"open","ping_status":"open","sticky":false,"template":"","format":"standard","meta":{"footnotes":""},"categories":[1],"tags":[],"_links":{"self":[{"href":"https:\/\/jeffersonisac.adv.br\/index.php\/wp-json\/wp\/v2\/posts\/14325"}],"collection":[{"href":"https:\/\/jeffersonisac.adv.br\/index.php\/wp-json\/wp\/v2\/posts"}],"about":[{"href":"https:\/\/jeffersonisac.adv.br\/index.php\/wp-json\/wp\/v2\/types\/post"}],"replies":[{"embeddable":true,"href":"https:\/\/jeffersonisac.adv.br\/index.php\/wp-json\/wp\/v2\/comments?post=14325"}],"version-history":[{"count":0,"href":"https:\/\/jeffersonisac.adv.br\/index.php\/wp-json\/wp\/v2\/posts\/14325\/revisions"}],"wp:attachment":[{"href":"https:\/\/jeffersonisac.adv.br\/index.php\/wp-json\/wp\/v2\/media?parent=14325"}],"wp:term":[{"taxonomy":"category","embeddable":true,"href":"https:\/\/jeffersonisac.adv.br\/index.php\/wp-json\/wp\/v2\/categories?post=14325"},{"taxonomy":"post_tag","embeddable":true,"href":"https:\/\/jeffersonisac.adv.br\/index.php\/wp-json\/wp\/v2\/tags?post=14325"}],"curies":[{"name":"wp","href":"https:\/\/api.w.org\/{rel}","templated":true}]}}