{"id":14326,"date":"2025-11-24T12:27:02","date_gmt":"2025-11-24T15:27:02","guid":{"rendered":"https:\/\/jeffersonisac.adv.br\/index.php\/2025\/11\/24\/comissao-debate-acoes-de-prevencao-ao-desaparecimento-de-criancas-e-adolescentes\/"},"modified":"2025-11-24T12:27:02","modified_gmt":"2025-11-24T15:27:02","slug":"comissao-debate-acoes-de-prevencao-ao-desaparecimento-de-criancas-e-adolescentes","status":"publish","type":"post","link":"https:\/\/jeffersonisac.adv.br\/index.php\/2025\/11\/24\/comissao-debate-acoes-de-prevencao-ao-desaparecimento-de-criancas-e-adolescentes\/","title":{"rendered":"Comiss\u00e3o debate a\u00e7\u00f5es de preven\u00e7\u00e3o ao desaparecimento de crian\u00e7as e adolescentes"},"content":{"rendered":"<div class=\"image-container\">\n<div class=\"midia-creditos\"><em>Pablo Valadares \/ C\u00e2mara dos Deputados<\/em><\/div>\n<div class=\"media-wrapper\"><\/div>\n<div class=\"midia-legenda\">Fl\u00e1via Morais: cerca de 50 mil crian\u00e7as e adolescentes desaparecem todos os anos no Pa\u00eds<\/div>\n<\/div>\n<p>A Comiss\u00e3o de Previd\u00eancia, Assist\u00eancia Social, Inf\u00e2ncia, Adolesc\u00eancia e Fam\u00edlia da C\u00e2mara dos Deputados realiza, nesta ter\u00e7a-feira (25), audi\u00eancia p\u00fablica para discutir o Programa de Identifica\u00e7\u00e3o do Brasil e iniciativas de preven\u00e7\u00e3o ao desaparecimento de crian\u00e7as e adolescentes. O debate ser\u00e1 realizado \u00e0s 16 horas, em plen\u00e1rio a ser definido.<\/p>\n<p><a href=\"https:\/\/www.camara.leg.br\/evento-legislativo\/80380\">Veja quem foi convidado para o debate.<\/a><\/p>\n<p>O debate atende a pedido da deputada Fl\u00e1via Morais (PDT-GO). Segundo a parlamentar, o objetivo \u00e9 discutir pol\u00edticas de identifica\u00e7\u00e3o e prote\u00e7\u00e3o da inf\u00e2ncia e adolesc\u00eancia em um cen\u00e1rio em que cerca de 50 mil crian\u00e7as e adolescentes desaparecem todos os anos no Pa\u00eds.<\/p>\n<p>Fl\u00e1via Morais afirma que a falta de pol\u00edticas p\u00fablicas consistentes agrava o problema e exp\u00f5e menores a riscos como tr\u00e1fico de pessoas, ado\u00e7\u00f5es irregulares, viol\u00eancia intrafamiliar, explora\u00e7\u00e3o sexual, trabalho for\u00e7ado e outras viola\u00e7\u00f5es graves de direitos humanos.<\/p>\n<p>\u201cAssim, o objetivo do debate \u00e9 engajar toda a sociedade na busca de solu\u00e7\u00f5es que afetam todas essas crian\u00e7as e adolescentes. Com o apoio e a participa\u00e7\u00e3o de todos contra os abusos e os descasos que afetam v\u00edtimas e familiares, uma nova realidade poder\u00e1 surgir, sobretudo com uma ampla divulga\u00e7\u00e3o do novo sistema de identifica\u00e7\u00e3o nacional do Pa\u00eds\u201d, afirma.<\/p>\n<p><strong>Identidade<\/strong><br \/>\nA deputada destaca ainda a import\u00e2ncia da Carteira de Identidade Nacional (CIN), documento padronizado em todo o Brasil, que utiliza o CPF como n\u00famero \u00fanico e incorpora recursos de seguran\u00e7a como biometria e QR code. Ela tamb\u00e9m aponta a relev\u00e2ncia da identifica\u00e7\u00e3o neonatal, que associa dados biom\u00e9tricos de m\u00e3e e beb\u00ea para prevenir raptos e garantir seguran\u00e7a desde o nascimento.<\/p>\n<p>A experi\u00eancia do Estado de Goi\u00e1s, que implantou o Projeto Identifica\u00e7\u00e3o Neonatal Goi\u00e1s em unidades hospitalares, tamb\u00e9m ser\u00e1 apresentada no debate. A iniciativa vincula a biometria do rec\u00e9m-nascido \u00e0 da m\u00e3e logo ap\u00f3s o parto, reduzindo riscos de trocas e sequestros.<\/p>\n<p>\u00a0<\/p>","protected":false},"excerpt":{"rendered":"<p>Pablo Valadares \/ C\u00e2mara dos Deputados Fl\u00e1via Morais: cerca de 50 mil crian\u00e7as e adolescentes desaparecem todos os anos no Pa\u00eds A Comiss\u00e3o de Previd\u00eancia, Assist\u00eancia Social, Inf\u00e2ncia, Adolesc\u00eancia e Fam\u00edlia da C\u00e2mara dos Deputados realiza, nesta ter\u00e7a-feira (25), audi\u00eancia p\u00fablica para discutir o Programa de Identifica\u00e7\u00e3o do Brasil e iniciativas de preven\u00e7\u00e3o ao desaparecimento [&hellip;]<\/p>\n","protected":false},"author":0,"featured_media":0,"comment_status":"open","ping_status":"open","sticky":false,"template":"","format":"standard","meta":{"footnotes":""},"categories":[1],"tags":[],"_links":{"self":[{"href":"https:\/\/jeffersonisac.adv.br\/index.php\/wp-json\/wp\/v2\/posts\/14326"}],"collection":[{"href":"https:\/\/jeffersonisac.adv.br\/index.php\/wp-json\/wp\/v2\/posts"}],"about":[{"href":"https:\/\/jeffersonisac.adv.br\/index.php\/wp-json\/wp\/v2\/types\/post"}],"replies":[{"embeddable":true,"href":"https:\/\/jeffersonisac.adv.br\/index.php\/wp-json\/wp\/v2\/comments?post=14326"}],"version-history":[{"count":0,"href":"https:\/\/jeffersonisac.adv.br\/index.php\/wp-json\/wp\/v2\/posts\/14326\/revisions"}],"wp:attachment":[{"href":"https:\/\/jeffersonisac.adv.br\/index.php\/wp-json\/wp\/v2\/media?parent=14326"}],"wp:term":[{"taxonomy":"category","embeddable":true,"href":"https:\/\/jeffersonisac.adv.br\/index.php\/wp-json\/wp\/v2\/categories?post=14326"},{"taxonomy":"post_tag","embeddable":true,"href":"https:\/\/jeffersonisac.adv.br\/index.php\/wp-json\/wp\/v2\/tags?post=14326"}],"curies":[{"name":"wp","href":"https:\/\/api.w.org\/{rel}","templated":true}]}}