{"id":14328,"date":"2025-11-24T12:27:02","date_gmt":"2025-11-24T15:27:02","guid":{"rendered":"https:\/\/jeffersonisac.adv.br\/index.php\/2025\/11\/24\/comissao-especial-pode-votar-relatorio-do-novo-plano-nacional-de-educacao-nesta-terca\/"},"modified":"2025-11-24T12:27:02","modified_gmt":"2025-11-24T15:27:02","slug":"comissao-especial-pode-votar-relatorio-do-novo-plano-nacional-de-educacao-nesta-terca","status":"publish","type":"post","link":"https:\/\/jeffersonisac.adv.br\/index.php\/2025\/11\/24\/comissao-especial-pode-votar-relatorio-do-novo-plano-nacional-de-educacao-nesta-terca\/","title":{"rendered":"Comiss\u00e3o especial pode votar relat\u00f3rio do novo Plano Nacional de Educa\u00e7\u00e3o nesta ter\u00e7a"},"content":{"rendered":"<div class=\"image-container\">\n<div class=\"midia-creditos\"><em>Vinicius Loures \/ C\u00e2mara dos Deputados<\/em><\/div>\n<div class=\"media-wrapper\"><\/div>\n<div class=\"midia-legenda\">Moses Rodrigues \u00e9 o relator da proposta<\/div>\n<\/div>\n<p>A comiss\u00e3o especial da C\u00e2mara dos Deputados que analisa o Plano Nacional de Educa\u00e7\u00e3o (PNE) 2024-2034 re\u00fane-se nesta ter\u00e7a-feira (25), \u00e0s 9 horas, no plen\u00e1rio 3, para votar o parecer do relator, deputado Moses Rodrigues (Uni\u00e3o-CE).<\/p>\n<p><a href=\"https:\/\/www.camara.leg.br\/evento-legislativo\/80453\">Veja a pauta<\/a><\/p>\n<p>O novo PNE (<a href=\"https:\/\/www.camara.leg.br\/noticias\/1077593-novo-plano-de-educacao-institui-metas-para-a-educacao-brasileira-ate-2034\">Projeto de Lei 2614\/24<\/a>) substituir\u00e1 o que est\u00e1 atualmente em vigor (2014-2024), que teve sua vig\u00eancia prorrogada at\u00e9 o fim deste ano.<\/p>\n<p><a href=\"https:\/\/infograficos.camara.leg.br\/pne-2024-2034\/\">Confira p\u00e1gina especial da C\u00e2mara sobre o PNE 2024-2034<\/a><\/p>\n<p><strong>Investimentos<br \/>\n<\/strong><a href=\"https:\/\/www.camara.leg.br\/noticias\/1211752-RELATOR-PREVE-INVESTIMENTO-DE-R%24-280-BILHOES-PARA-IMPLANTAR-O-NOVO-PLANO-NACIONAL-DE-EDUCACAO\">A implementa\u00e7\u00e3o do novo plano vai custar R$ 280 bilh\u00f5es<\/a> em investimentos p\u00fablicos para cumprir as metas listadas at\u00e9 2035. Desse total, R$ 130 bilh\u00f5es ser\u00e3o destinados a escolas de ensino fundamental e m\u00e9dio.<\/p>\n<p><strong>Participa\u00e7\u00e3o popular<br \/>\n<\/strong>Em entrevista ao programa Me Conta+, transmitido nas redes sociais da C\u00e2mara, Rodrigues explicou que o plano foi constru\u00eddo com a participa\u00e7\u00e3o de especialistas e da sociedade, em audi\u00eancias e semin\u00e1rios realizados em todo o pa\u00eds.<\/p>\n<p><a href=\"https:\/\/www.camara.leg.br\/noticias\/1216013-RELATOR-DO-PNE-EXPLICA-AS-METAS-EM-ESTUDO-PARA-A-EDUCACAO-NOS-PROXIMOS-DEZ-ANOS;-ASSISTA\">Relator do PNE explica as metas em estudo para a educa\u00e7\u00e3o nos pr\u00f3ximos dez anos; assista<\/a><\/p>","protected":false},"excerpt":{"rendered":"<p>Vinicius Loures \/ C\u00e2mara dos Deputados Moses Rodrigues \u00e9 o relator da proposta A comiss\u00e3o especial da C\u00e2mara dos Deputados que analisa o Plano Nacional de Educa\u00e7\u00e3o (PNE) 2024-2034 re\u00fane-se nesta ter\u00e7a-feira (25), \u00e0s 9 horas, no plen\u00e1rio 3, para votar o parecer do relator, deputado Moses Rodrigues (Uni\u00e3o-CE). Veja a pauta O novo PNE [&hellip;]<\/p>\n","protected":false},"author":0,"featured_media":0,"comment_status":"open","ping_status":"open","sticky":false,"template":"","format":"standard","meta":{"footnotes":""},"categories":[1],"tags":[],"_links":{"self":[{"href":"https:\/\/jeffersonisac.adv.br\/index.php\/wp-json\/wp\/v2\/posts\/14328"}],"collection":[{"href":"https:\/\/jeffersonisac.adv.br\/index.php\/wp-json\/wp\/v2\/posts"}],"about":[{"href":"https:\/\/jeffersonisac.adv.br\/index.php\/wp-json\/wp\/v2\/types\/post"}],"replies":[{"embeddable":true,"href":"https:\/\/jeffersonisac.adv.br\/index.php\/wp-json\/wp\/v2\/comments?post=14328"}],"version-history":[{"count":0,"href":"https:\/\/jeffersonisac.adv.br\/index.php\/wp-json\/wp\/v2\/posts\/14328\/revisions"}],"wp:attachment":[{"href":"https:\/\/jeffersonisac.adv.br\/index.php\/wp-json\/wp\/v2\/media?parent=14328"}],"wp:term":[{"taxonomy":"category","embeddable":true,"href":"https:\/\/jeffersonisac.adv.br\/index.php\/wp-json\/wp\/v2\/categories?post=14328"},{"taxonomy":"post_tag","embeddable":true,"href":"https:\/\/jeffersonisac.adv.br\/index.php\/wp-json\/wp\/v2\/tags?post=14328"}],"curies":[{"name":"wp","href":"https:\/\/api.w.org\/{rel}","templated":true}]}}