{"id":14331,"date":"2025-11-24T13:26:17","date_gmt":"2025-11-24T16:26:17","guid":{"rendered":"https:\/\/jeffersonisac.adv.br\/index.php\/2025\/11\/24\/comissao-discute-plano-nacional-de-cultura-durante-evento-expresso-168\/"},"modified":"2025-11-24T13:26:17","modified_gmt":"2025-11-24T16:26:17","slug":"comissao-discute-plano-nacional-de-cultura-durante-evento-expresso-168","status":"publish","type":"post","link":"https:\/\/jeffersonisac.adv.br\/index.php\/2025\/11\/24\/comissao-discute-plano-nacional-de-cultura-durante-evento-expresso-168\/","title":{"rendered":"Comiss\u00e3o discute Plano Nacional de Cultura durante evento Expresso 168"},"content":{"rendered":"<div class=\"image-container\">\n<div class=\"midia-creditos\"><em>Kayo Magalh\u00e3es \/ C\u00e2mara dos Deputados<\/em><\/div>\n<div class=\"media-wrapper\"><\/div>\n<div class=\"midia-legenda\">Comiss\u00e3o de Cultura, durante evento do Expresso 168<\/div>\n<\/div>\n<p>A Comiss\u00e3o de Cultura da C\u00e2mara dos Deputados realiza, nesta ter\u00e7a-feira (25), um novo encontro do &#8220;Expresso 168&#8221; para discutir o Plano Nacional de Cultura e seu processo de constru\u00e7\u00e3o. O debate ser\u00e1 realizado \u00e0s 16 horas, em plen\u00e1rio a ser definido.<\/p>\n<p>O debate atende a pedido da deputada Denise Pess\u00f4a (PT-RS) e ter\u00e1 entre os convidados a ministra da Cultura, Margareth Menezes.<\/p>\n<p><a href=\"https:\/\/www.camara.leg.br\/evento-legislativo\/80447\">Confira a lista completa de debatedores.<\/a><\/p>\n<p>O \u201cExpresso 168\u201d \u00e9 um espa\u00e7o permanente de di\u00e1logo e fiscaliza\u00e7\u00e3o das pol\u00edticas p\u00fablicas, na forma de encontros com gestores, produtores e artistas de todas as linguagens para debater a pol\u00edtica cultural.<\/p>\n<p>\u00a0<\/p>","protected":false},"excerpt":{"rendered":"<p>Kayo Magalh\u00e3es \/ C\u00e2mara dos Deputados Comiss\u00e3o de Cultura, durante evento do Expresso 168 A Comiss\u00e3o de Cultura da C\u00e2mara dos Deputados realiza, nesta ter\u00e7a-feira (25), um novo encontro do &#8220;Expresso 168&#8221; para discutir o Plano Nacional de Cultura e seu processo de constru\u00e7\u00e3o. O debate ser\u00e1 realizado \u00e0s 16 horas, em plen\u00e1rio a ser [&hellip;]<\/p>\n","protected":false},"author":0,"featured_media":0,"comment_status":"open","ping_status":"open","sticky":false,"template":"","format":"standard","meta":{"footnotes":""},"categories":[1],"tags":[],"_links":{"self":[{"href":"https:\/\/jeffersonisac.adv.br\/index.php\/wp-json\/wp\/v2\/posts\/14331"}],"collection":[{"href":"https:\/\/jeffersonisac.adv.br\/index.php\/wp-json\/wp\/v2\/posts"}],"about":[{"href":"https:\/\/jeffersonisac.adv.br\/index.php\/wp-json\/wp\/v2\/types\/post"}],"replies":[{"embeddable":true,"href":"https:\/\/jeffersonisac.adv.br\/index.php\/wp-json\/wp\/v2\/comments?post=14331"}],"version-history":[{"count":0,"href":"https:\/\/jeffersonisac.adv.br\/index.php\/wp-json\/wp\/v2\/posts\/14331\/revisions"}],"wp:attachment":[{"href":"https:\/\/jeffersonisac.adv.br\/index.php\/wp-json\/wp\/v2\/media?parent=14331"}],"wp:term":[{"taxonomy":"category","embeddable":true,"href":"https:\/\/jeffersonisac.adv.br\/index.php\/wp-json\/wp\/v2\/categories?post=14331"},{"taxonomy":"post_tag","embeddable":true,"href":"https:\/\/jeffersonisac.adv.br\/index.php\/wp-json\/wp\/v2\/tags?post=14331"}],"curies":[{"name":"wp","href":"https:\/\/api.w.org\/{rel}","templated":true}]}}