{"id":14332,"date":"2025-11-24T13:26:17","date_gmt":"2025-11-24T16:26:17","guid":{"rendered":"https:\/\/jeffersonisac.adv.br\/index.php\/2025\/11\/24\/comissao-debate-cobrancas-abusivas-de-taxas-em-condominios-do-minha-casa-minha-vida\/"},"modified":"2025-11-24T13:26:17","modified_gmt":"2025-11-24T16:26:17","slug":"comissao-debate-cobrancas-abusivas-de-taxas-em-condominios-do-minha-casa-minha-vida","status":"publish","type":"post","link":"https:\/\/jeffersonisac.adv.br\/index.php\/2025\/11\/24\/comissao-debate-cobrancas-abusivas-de-taxas-em-condominios-do-minha-casa-minha-vida\/","title":{"rendered":"Comiss\u00e3o debate cobran\u00e7as abusivas de taxas em condom\u00ednios do Minha Casa, Minha Vida"},"content":{"rendered":"<div class=\"image-container\">\n<div class=\"midia-creditos\"><em>Divulga\u00e7\u00e3o\/ Codhab-DF<\/em><\/div>\n<div class=\"media-wrapper\"><\/div>\n<div class=\"midia-legenda\">Ser\u00e1 debatida a situa\u00e7\u00e3o dos titulares de im\u00f3veis para a baixa renda<\/div>\n<\/div>\n<p>A <span class=\"termoGlossario\">Comiss\u00e3o de Legisla\u00e7\u00e3o Participativa<\/span> da C\u00e2mara dos Deputados realiza, nesta ter\u00e7a-feira (25), audi\u00eancia p\u00fablica para discutir alternativas para evitar que fam\u00edlias de baixa renda percam seus im\u00f3veis em raz\u00e3o de cobran\u00e7as consideradas abusivas por administradoras condominiais privadas.<\/p>\n<p>O debate ser\u00e1 realizado \u00e0s 10 horas, no plen\u00e1rio 3.<\/p>\n<p><a href=\"https:\/\/www.camara.leg.br\/evento-legislativo\/80401\">Veja quem foi convidado e envie suas perguntas<\/a><\/p>\n<p>O debate atende a pedido do deputado Pedro Uczai (PT-SC). Ele explica que, em Santa Catarina, moradores de diversos conjuntos do Minha Casa, Minha Vida enfrentam inadimpl\u00eancia condominial decorrente de taxas elevadas, o que tem levado \u00e0 abertura de processos de execu\u00e7\u00e3o e penhora de im\u00f3veis.<\/p>\n<p>\u201cApenas nas duas varas c\u00edveis da comarca de Jaragu\u00e1 do Sul (SC), j\u00e1 tramitam processos de execu\u00e7\u00e3o e penhora em desfavor de pelo menos 115 propriet\u00e1rios, que est\u00e3o sujeitos a perderem suas resid\u00eancias\u201d, destaca.<\/p>\n<p>O deputado espera, com o debate, esclarecer a situa\u00e7\u00e3o enfrentada pelas fam\u00edlias, discutir alternativas jur\u00eddicas e administrativas e avaliar medidas que garantam moradia digna e seguran\u00e7a residencial para os benefici\u00e1rios do programa.<\/p>","protected":false},"excerpt":{"rendered":"<p>Divulga\u00e7\u00e3o\/ Codhab-DF Ser\u00e1 debatida a situa\u00e7\u00e3o dos titulares de im\u00f3veis para a baixa renda A Comiss\u00e3o de Legisla\u00e7\u00e3o Participativa da C\u00e2mara dos Deputados realiza, nesta ter\u00e7a-feira (25), audi\u00eancia p\u00fablica para discutir alternativas para evitar que fam\u00edlias de baixa renda percam seus im\u00f3veis em raz\u00e3o de cobran\u00e7as consideradas abusivas por administradoras condominiais privadas. O debate ser\u00e1 [&hellip;]<\/p>\n","protected":false},"author":0,"featured_media":0,"comment_status":"open","ping_status":"open","sticky":false,"template":"","format":"standard","meta":{"footnotes":""},"categories":[1],"tags":[],"_links":{"self":[{"href":"https:\/\/jeffersonisac.adv.br\/index.php\/wp-json\/wp\/v2\/posts\/14332"}],"collection":[{"href":"https:\/\/jeffersonisac.adv.br\/index.php\/wp-json\/wp\/v2\/posts"}],"about":[{"href":"https:\/\/jeffersonisac.adv.br\/index.php\/wp-json\/wp\/v2\/types\/post"}],"replies":[{"embeddable":true,"href":"https:\/\/jeffersonisac.adv.br\/index.php\/wp-json\/wp\/v2\/comments?post=14332"}],"version-history":[{"count":0,"href":"https:\/\/jeffersonisac.adv.br\/index.php\/wp-json\/wp\/v2\/posts\/14332\/revisions"}],"wp:attachment":[{"href":"https:\/\/jeffersonisac.adv.br\/index.php\/wp-json\/wp\/v2\/media?parent=14332"}],"wp:term":[{"taxonomy":"category","embeddable":true,"href":"https:\/\/jeffersonisac.adv.br\/index.php\/wp-json\/wp\/v2\/categories?post=14332"},{"taxonomy":"post_tag","embeddable":true,"href":"https:\/\/jeffersonisac.adv.br\/index.php\/wp-json\/wp\/v2\/tags?post=14332"}],"curies":[{"name":"wp","href":"https:\/\/api.w.org\/{rel}","templated":true}]}}