{"id":14333,"date":"2025-11-24T13:26:17","date_gmt":"2025-11-24T16:26:17","guid":{"rendered":"https:\/\/jeffersonisac.adv.br\/index.php\/2025\/11\/24\/cancelado-debate-sobre-violencia-contra-profissionais-da-comunicacao-na-regiao-amazonica\/"},"modified":"2025-11-24T13:26:17","modified_gmt":"2025-11-24T16:26:17","slug":"cancelado-debate-sobre-violencia-contra-profissionais-da-comunicacao-na-regiao-amazonica","status":"publish","type":"post","link":"https:\/\/jeffersonisac.adv.br\/index.php\/2025\/11\/24\/cancelado-debate-sobre-violencia-contra-profissionais-da-comunicacao-na-regiao-amazonica\/","title":{"rendered":"Cancelado debate sobre viol\u00eancia contra profissionais da comunica\u00e7\u00e3o na regi\u00e3o amaz\u00f4nica"},"content":{"rendered":"<div class=\"image-container\">\n<div class=\"midia-creditos\"><em>Christiano Antonucci\/Secom- MT<\/em><\/div>\n<div class=\"media-wrapper\"><\/div>\n<div class=\"midia-legenda\">Profissionais que denunciam crimes como desmatamento ilegal s\u00e3o alvo de amea\u00e7as<\/div>\n<\/div>\n<p>Foi cancelado debate que seria realizado pelas comiss\u00f5es de Direitos Humanos, Minorias e Igualdade Racial; e de Meio Ambiente e Desenvolvimento Sustent\u00e1vel da C\u00e2mara dos Deputados, nesta ter\u00e7a-feira (25), sobre a viol\u00eancia contra jornalistas e comunicadores na Amaz\u00f4nia. Ainda n\u00e3o h\u00e1 uma nova data para o encontro.<\/p>\n<p>O debate foi solicitado pelos deputados Nilto Tatto (PT-SP) e Pastor Henrique Vieira (PSol-RJ).<\/p>\n<p>Dados de organiza\u00e7\u00f5es nacionais e internacionais apontam o Brasil como um dos pa\u00edses mais perigosos para o exerc\u00edcio do jornalismo, especialmente para profissionais que denunciam crimes como desmatamento ilegal, grilagem de terras e minera\u00e7\u00e3o clandestina.<\/p>","protected":false},"excerpt":{"rendered":"<p>Christiano Antonucci\/Secom- MT Profissionais que denunciam crimes como desmatamento ilegal s\u00e3o alvo de amea\u00e7as Foi cancelado debate que seria realizado pelas comiss\u00f5es de Direitos Humanos, Minorias e Igualdade Racial; e de Meio Ambiente e Desenvolvimento Sustent\u00e1vel da C\u00e2mara dos Deputados, nesta ter\u00e7a-feira (25), sobre a viol\u00eancia contra jornalistas e comunicadores na Amaz\u00f4nia. Ainda n\u00e3o h\u00e1 [&hellip;]<\/p>\n","protected":false},"author":0,"featured_media":0,"comment_status":"open","ping_status":"open","sticky":false,"template":"","format":"standard","meta":{"footnotes":""},"categories":[1],"tags":[],"_links":{"self":[{"href":"https:\/\/jeffersonisac.adv.br\/index.php\/wp-json\/wp\/v2\/posts\/14333"}],"collection":[{"href":"https:\/\/jeffersonisac.adv.br\/index.php\/wp-json\/wp\/v2\/posts"}],"about":[{"href":"https:\/\/jeffersonisac.adv.br\/index.php\/wp-json\/wp\/v2\/types\/post"}],"replies":[{"embeddable":true,"href":"https:\/\/jeffersonisac.adv.br\/index.php\/wp-json\/wp\/v2\/comments?post=14333"}],"version-history":[{"count":0,"href":"https:\/\/jeffersonisac.adv.br\/index.php\/wp-json\/wp\/v2\/posts\/14333\/revisions"}],"wp:attachment":[{"href":"https:\/\/jeffersonisac.adv.br\/index.php\/wp-json\/wp\/v2\/media?parent=14333"}],"wp:term":[{"taxonomy":"category","embeddable":true,"href":"https:\/\/jeffersonisac.adv.br\/index.php\/wp-json\/wp\/v2\/categories?post=14333"},{"taxonomy":"post_tag","embeddable":true,"href":"https:\/\/jeffersonisac.adv.br\/index.php\/wp-json\/wp\/v2\/tags?post=14333"}],"curies":[{"name":"wp","href":"https:\/\/api.w.org\/{rel}","templated":true}]}}