{"id":14334,"date":"2025-11-24T14:25:06","date_gmt":"2025-11-24T17:25:06","guid":{"rendered":"https:\/\/jeffersonisac.adv.br\/index.php\/2025\/11\/24\/comissao-debate-uso-de-inteligencia-artificial-no-sistema-de-justica\/"},"modified":"2025-11-24T14:25:06","modified_gmt":"2025-11-24T17:25:06","slug":"comissao-debate-uso-de-inteligencia-artificial-no-sistema-de-justica","status":"publish","type":"post","link":"https:\/\/jeffersonisac.adv.br\/index.php\/2025\/11\/24\/comissao-debate-uso-de-inteligencia-artificial-no-sistema-de-justica\/","title":{"rendered":"Comiss\u00e3o debate uso de intelig\u00eancia artificial no sistema de Justi\u00e7a"},"content":{"rendered":"<div class=\"image-container\">\n<div class=\"midia-creditos\"><em>BiancoAzul\/Depositphotos<\/em><\/div>\n<div class=\"media-wrapper\"><\/div>\n<div class=\"midia-legenda\">Debate tratar\u00e1 do impacto da IA sobre o trabalho e o acesso \u00e0 Justi\u00e7a<\/div>\n<\/div>\n<p>A Comiss\u00e3o de Ci\u00eancia, Tecnologia e Inova\u00e7\u00e3o da C\u00e2mara dos Deputados realiza, nesta quarta-feira (26), audi\u00eancia p\u00fablica para discutir os impactos da intelig\u00eancia artificial (IA) no sistema judici\u00e1rio. O foco ser\u00e1 o impacto sobre o trabalho dos servidores e o acesso da popula\u00e7\u00e3o \u00e0 Justi\u00e7a.<\/p>\n<p>O debate ser\u00e1 realizado \u00e0s 9h30, no plen\u00e1rio 13.<\/p>\n<p><a href=\"https:\/\/www.camara.leg.br\/evento-legislativo\/80347\">Veja quem foi convidado<\/a><\/p>\n<p>O debate atende a pedido da deputada Maria do Ros\u00e1rio (PT-RS). Segundo a parlamentar, o objetivo \u00e9 avaliar como o uso de IA pode melhorar a efici\u00eancia do sistema judicial, sem comprometer a isonomia, a transpar\u00eancia, a prote\u00e7\u00e3o de dados e a qualidade dos servi\u00e7os judiciais.<\/p>\n<p>Maria do Ros\u00e1rio destaca que, embora a IA possa agilizar processos e automatizar tarefas, h\u00e1 riscos como aumento das desigualdades, preju\u00edzos \u00e0 imparcialidade e limita\u00e7\u00f5es de acesso \u00e0 Justi\u00e7a.<\/p>\n<p>Ela tamb\u00e9m aponta preocupa\u00e7\u00f5es com impactos sobre os trabalhadores do Judici\u00e1rio, como aumento de metas, terceiriza\u00e7\u00f5es e redu\u00e7\u00e3o de equipes.\u00a0\u201cA tecnologia deve ser um instrumento de apoio, e n\u00e3o de precariza\u00e7\u00e3o, exclus\u00e3o ou desvaloriza\u00e7\u00e3o do trabalho humano\u201d, afirma.<\/p>","protected":false},"excerpt":{"rendered":"<p>BiancoAzul\/Depositphotos Debate tratar\u00e1 do impacto da IA sobre o trabalho e o acesso \u00e0 Justi\u00e7a A Comiss\u00e3o de Ci\u00eancia, Tecnologia e Inova\u00e7\u00e3o da C\u00e2mara dos Deputados realiza, nesta quarta-feira (26), audi\u00eancia p\u00fablica para discutir os impactos da intelig\u00eancia artificial (IA) no sistema judici\u00e1rio. O foco ser\u00e1 o impacto sobre o trabalho dos servidores e o [&hellip;]<\/p>\n","protected":false},"author":0,"featured_media":0,"comment_status":"open","ping_status":"open","sticky":false,"template":"","format":"standard","meta":{"footnotes":""},"categories":[1],"tags":[],"_links":{"self":[{"href":"https:\/\/jeffersonisac.adv.br\/index.php\/wp-json\/wp\/v2\/posts\/14334"}],"collection":[{"href":"https:\/\/jeffersonisac.adv.br\/index.php\/wp-json\/wp\/v2\/posts"}],"about":[{"href":"https:\/\/jeffersonisac.adv.br\/index.php\/wp-json\/wp\/v2\/types\/post"}],"replies":[{"embeddable":true,"href":"https:\/\/jeffersonisac.adv.br\/index.php\/wp-json\/wp\/v2\/comments?post=14334"}],"version-history":[{"count":0,"href":"https:\/\/jeffersonisac.adv.br\/index.php\/wp-json\/wp\/v2\/posts\/14334\/revisions"}],"wp:attachment":[{"href":"https:\/\/jeffersonisac.adv.br\/index.php\/wp-json\/wp\/v2\/media?parent=14334"}],"wp:term":[{"taxonomy":"category","embeddable":true,"href":"https:\/\/jeffersonisac.adv.br\/index.php\/wp-json\/wp\/v2\/categories?post=14334"},{"taxonomy":"post_tag","embeddable":true,"href":"https:\/\/jeffersonisac.adv.br\/index.php\/wp-json\/wp\/v2\/tags?post=14334"}],"curies":[{"name":"wp","href":"https:\/\/api.w.org\/{rel}","templated":true}]}}