{"id":14336,"date":"2025-11-24T16:26:46","date_gmt":"2025-11-24T19:26:46","guid":{"rendered":"https:\/\/jeffersonisac.adv.br\/index.php\/2025\/11\/24\/comissao-aprova-troca-do-termo-sindrome-de-down-por-trissomia-do-cromossomo-21-em-documentos-e-leis\/"},"modified":"2025-11-24T16:26:46","modified_gmt":"2025-11-24T19:26:46","slug":"comissao-aprova-troca-do-termo-sindrome-de-down-por-trissomia-do-cromossomo-21-em-documentos-e-leis","status":"publish","type":"post","link":"https:\/\/jeffersonisac.adv.br\/index.php\/2025\/11\/24\/comissao-aprova-troca-do-termo-sindrome-de-down-por-trissomia-do-cromossomo-21-em-documentos-e-leis\/","title":{"rendered":"Comiss\u00e3o aprova troca do termo \u201cs\u00edndrome de Down\u201d por \u201cTrissomia do Cromossomo 21\u201d em documentos e leis"},"content":{"rendered":"<div class=\"image-container\">\n<div class=\"midia-creditos\"><em>Vinicius Loures \/ C\u00e2mara dos Deputados<\/em><\/div>\n<div class=\"media-wrapper\"><\/div>\n<div class=\"midia-legenda\">Andreia Siqueira: nova denomina\u00e7\u00e3o \u00e9 mais precisa<\/div>\n<\/div>\n<p>A Comiss\u00e3o de Defesa dos Direitos das Pessoas com Defici\u00eancia da C\u00e2mara dos Deputados aprovou o <a class=\"linkProposicao\" href=\"https:\/\/www.camara.leg.br\/noticias\/1159618-projeto-muda-nomenclatura-sindrome-de-down-para-trissomia-do-cromossomo-21-no-ordenamento-juridico-brasileiro\">Projeto de Lei 1118\/25<\/a>, que prop\u00f5e substituir o termo \u201cs\u00edndrome de Down\u201d por \u201cTrissomia do Cromossomo 21\u201d (T21) em leis, documentos oficiais, registros m\u00e9dicos e materiais educativos.<\/p>\n<p>O objetivo do projeto do deputado Duarte Jr. (PSB-MA) \u00e9 promover maior respeito, inclus\u00e3o e reconhecimento da identidade das pessoas com T21, por meio de uma linguagem mais neutra e sem conota\u00e7\u00e3o negativa.<\/p>\n<p>Segundo a relatora, deputada Andreia Siqueira (MDB-PA), a denomina\u00e7\u00e3o \u201cTrissomia do Cromossomo 21\u201d \u00e9 mais precisa do ponto de vista m\u00e9dico e gen\u00e9tico, descrevendo de forma objetiva a causa da condi\u00e7\u00e3o. &#8220;Essa atualiza\u00e7\u00e3o favorece a uniformiza\u00e7\u00e3o de registros e documentos oficiais, bem como a adequa\u00e7\u00e3o do pa\u00eds aos padr\u00f5es adotados por institui\u00e7\u00f5es cient\u00edficas e organismos internacionais, como a Organiza\u00e7\u00e3o Mundial da Sa\u00fade (OMS)&#8221;, disse.<\/p>\n<p>Siqueira rejeitou mudan\u00e7a proposta pela Comiss\u00e3o de Sa\u00fade para coexistirem as nomenclaturas &#8220;s\u00edndrome de Down&#8221; e &#8220;Trissomia do Cromossomo 21&#8221; para uma transi\u00e7\u00e3o gradual e preserva\u00e7\u00e3o da terminologia historicamente consolidada. &#8220;A substitui\u00e7\u00e3o integral atende melhor ao objetivo central da proposi\u00e7\u00e3o: consolidar, no ordenamento jur\u00eddico brasileiro, uma terminologia moderna, cient\u00edfica e coerente com a evolu\u00e7\u00e3o do conhecimento e da comunica\u00e7\u00e3o inclusiva&#8221;, declarou a relatora.<\/p>\n<p>Se o projeto virar lei, a atualiza\u00e7\u00e3o deve ser feita em at\u00e9 um ano ap\u00f3s a publica\u00e7\u00e3o da lei.<\/p>\n<p><strong>Pr\u00f3ximos passos<\/strong><br \/>\nO projeto, que tramita em <span class=\"termoGlossario\">car\u00e1ter conclusivo<\/span>, ainda ser\u00e1 analisado pela Comiss\u00e3o de Constitui\u00e7\u00e3o e Justi\u00e7a e de Cidadania. Para se tornar lei, precisa ser aprovado pela C\u00e2mara e pelo Senado.<\/p>\n<p><a href=\"https:\/\/www.camara.leg.br\/noticias\/573454-SAIBA-MAIS-SOBRE-A-TRAMITACAO-DE-PROJETOS-DE-LEI\">Saiba mais sobre a tramita\u00e7\u00e3o de projetos de lei<\/a><\/p>","protected":false},"excerpt":{"rendered":"<p>Vinicius Loures \/ C\u00e2mara dos Deputados Andreia Siqueira: nova denomina\u00e7\u00e3o \u00e9 mais precisa A Comiss\u00e3o de Defesa dos Direitos das Pessoas com Defici\u00eancia da C\u00e2mara dos Deputados aprovou o Projeto de Lei 1118\/25, que prop\u00f5e substituir o termo \u201cs\u00edndrome de Down\u201d por \u201cTrissomia do Cromossomo 21\u201d (T21) em leis, documentos oficiais, registros m\u00e9dicos e materiais [&hellip;]<\/p>\n","protected":false},"author":0,"featured_media":0,"comment_status":"open","ping_status":"open","sticky":false,"template":"","format":"standard","meta":{"footnotes":""},"categories":[1],"tags":[],"_links":{"self":[{"href":"https:\/\/jeffersonisac.adv.br\/index.php\/wp-json\/wp\/v2\/posts\/14336"}],"collection":[{"href":"https:\/\/jeffersonisac.adv.br\/index.php\/wp-json\/wp\/v2\/posts"}],"about":[{"href":"https:\/\/jeffersonisac.adv.br\/index.php\/wp-json\/wp\/v2\/types\/post"}],"replies":[{"embeddable":true,"href":"https:\/\/jeffersonisac.adv.br\/index.php\/wp-json\/wp\/v2\/comments?post=14336"}],"version-history":[{"count":0,"href":"https:\/\/jeffersonisac.adv.br\/index.php\/wp-json\/wp\/v2\/posts\/14336\/revisions"}],"wp:attachment":[{"href":"https:\/\/jeffersonisac.adv.br\/index.php\/wp-json\/wp\/v2\/media?parent=14336"}],"wp:term":[{"taxonomy":"category","embeddable":true,"href":"https:\/\/jeffersonisac.adv.br\/index.php\/wp-json\/wp\/v2\/categories?post=14336"},{"taxonomy":"post_tag","embeddable":true,"href":"https:\/\/jeffersonisac.adv.br\/index.php\/wp-json\/wp\/v2\/tags?post=14336"}],"curies":[{"name":"wp","href":"https:\/\/api.w.org\/{rel}","templated":true}]}}