{"id":14338,"date":"2025-11-24T16:26:47","date_gmt":"2025-11-24T19:26:47","guid":{"rendered":"https:\/\/jeffersonisac.adv.br\/index.php\/2025\/11\/24\/nova-lei-garante-fisioterapia-no-sus-a-pacientes-que-retirarem-mama\/"},"modified":"2025-11-24T16:26:47","modified_gmt":"2025-11-24T19:26:47","slug":"nova-lei-garante-fisioterapia-no-sus-a-pacientes-que-retirarem-mama","status":"publish","type":"post","link":"https:\/\/jeffersonisac.adv.br\/index.php\/2025\/11\/24\/nova-lei-garante-fisioterapia-no-sus-a-pacientes-que-retirarem-mama\/","title":{"rendered":"Nova lei garante fisioterapia no SUS a pacientes que retirarem mama"},"content":{"rendered":"<div class=\"image-container\">\n<div class=\"midia-creditos\"><em>Getty Images<\/em><\/div>\n<div class=\"media-wrapper\"><\/div>\n<div class=\"midia-legenda\">Tratamento ser\u00e1 garantido nos casos de retirada total ou parcial da mama<\/div>\n<\/div>\n<p>A assist\u00eancia fisioterap\u00eautica a pacientes submetidos \u00e0 retirada da mama agora \u00e9 garantida por lei. Sancionada na sexta-feira (21) pelo presidente da Rep\u00fablica em exerc\u00edcio, Geraldo Alckmin, a Lei 15.267\/25 determina que o Sistema \u00danico de Sa\u00fade (SUS) forne\u00e7a fisioterapia \u00e0s pessoas submetidas \u00e0 mastectomia, cirurgia de remo\u00e7\u00e3o parcial ou total da mama, utilizada no tratamento de c\u00e2ncer. A lei come\u00e7a a valer em 180 dias.<\/p>\n<p>Atualmente, a\u00a0<a href=\"https:\/\/www2.camara.leg.br\/legin\/fed\/lei\/1999\/lei-9797-6-maio-1999-372479-norma-pl.html\">Lei 9.797\/99<\/a>\u00a0garante \u00e0s mulheres submetidas \u00e0 mastectomia o direito \u00e0 cirurgia pl\u00e1stica reconstrutiva. A nova lei amplia esse direito, incluindo a fisioterapia pelo SUS, quando indicada pelo m\u00e9dico, tanto para mulheres quanto para homens em tratamento de c\u00e2ncer de mama.<\/p>\n<p>A norma teve origem no <a class=\"linkProposicao\" href=\"https:\/\/www.camara.leg.br\/noticias\/847924-projeto-garante-oferta-de-fisioterapia-no-sus-para-pacientes-que-fizeram-reconstrucao-mamaria\">Projeto de Lei 3436\/21<\/a>, do ex-deputado Francisco Jr. (GO) e da deputada Maria Rosas (Republicanos-SP). O texto foi aprovado na C\u00e2mara no final de 2023 e no Senado no m\u00eas passado.<\/p>\n<p>\u00a0<\/p>\n<div><\/div>\n<p>\u00a0<\/p>","protected":false},"excerpt":{"rendered":"<p>Getty Images Tratamento ser\u00e1 garantido nos casos de retirada total ou parcial da mama A assist\u00eancia fisioterap\u00eautica a pacientes submetidos \u00e0 retirada da mama agora \u00e9 garantida por lei. Sancionada na sexta-feira (21) pelo presidente da Rep\u00fablica em exerc\u00edcio, Geraldo Alckmin, a Lei 15.267\/25 determina que o Sistema \u00danico de Sa\u00fade (SUS) forne\u00e7a fisioterapia \u00e0s [&hellip;]<\/p>\n","protected":false},"author":0,"featured_media":0,"comment_status":"open","ping_status":"open","sticky":false,"template":"","format":"standard","meta":{"footnotes":""},"categories":[1],"tags":[],"_links":{"self":[{"href":"https:\/\/jeffersonisac.adv.br\/index.php\/wp-json\/wp\/v2\/posts\/14338"}],"collection":[{"href":"https:\/\/jeffersonisac.adv.br\/index.php\/wp-json\/wp\/v2\/posts"}],"about":[{"href":"https:\/\/jeffersonisac.adv.br\/index.php\/wp-json\/wp\/v2\/types\/post"}],"replies":[{"embeddable":true,"href":"https:\/\/jeffersonisac.adv.br\/index.php\/wp-json\/wp\/v2\/comments?post=14338"}],"version-history":[{"count":0,"href":"https:\/\/jeffersonisac.adv.br\/index.php\/wp-json\/wp\/v2\/posts\/14338\/revisions"}],"wp:attachment":[{"href":"https:\/\/jeffersonisac.adv.br\/index.php\/wp-json\/wp\/v2\/media?parent=14338"}],"wp:term":[{"taxonomy":"category","embeddable":true,"href":"https:\/\/jeffersonisac.adv.br\/index.php\/wp-json\/wp\/v2\/categories?post=14338"},{"taxonomy":"post_tag","embeddable":true,"href":"https:\/\/jeffersonisac.adv.br\/index.php\/wp-json\/wp\/v2\/tags?post=14338"}],"curies":[{"name":"wp","href":"https:\/\/api.w.org\/{rel}","templated":true}]}}