{"id":14340,"date":"2025-11-24T17:25:20","date_gmt":"2025-11-24T20:25:20","guid":{"rendered":"https:\/\/jeffersonisac.adv.br\/index.php\/2025\/11\/24\/comissao-aprova-teste-padronizado-para-detectar-sinais-de-risco-ao-autismo-em-pacientes-do-sus\/"},"modified":"2025-11-24T17:25:20","modified_gmt":"2025-11-24T20:25:20","slug":"comissao-aprova-teste-padronizado-para-detectar-sinais-de-risco-ao-autismo-em-pacientes-do-sus","status":"publish","type":"post","link":"https:\/\/jeffersonisac.adv.br\/index.php\/2025\/11\/24\/comissao-aprova-teste-padronizado-para-detectar-sinais-de-risco-ao-autismo-em-pacientes-do-sus\/","title":{"rendered":"Comiss\u00e3o aprova teste padronizado para detectar sinais de risco ao autismo em pacientes do SUS"},"content":{"rendered":"<div class=\"image-container\">\n<div class=\"midia-creditos\"><em>Vinicius Loures\/C\u00e2mara dos Deputados<\/em><\/div>\n<div class=\"media-wrapper\"><\/div>\n<div class=\"midia-legenda\">Amom Mandel, relator do projeto de lei<\/div>\n<\/div>\n<p>A Comiss\u00e3o de Sa\u00fade da C\u00e2mara dos Deputados aprovou estrat\u00e9gia para detectar sinais de risco relacionados ao transtorno do espectro autista (TEA) em pacientes do Sistema \u00danico de Sa\u00fade (SUS). O Projeto de Lei 2594\/24, do deputado Marx Beltr\u00e3o (PP-AL), inclui a oferta de instrumentos padronizados e cientificamente comprovados para a triagem em formato impresso e eletr\u00f4nico.<\/p>\n<p>Pela proposta, os instrumentos de triagem dever\u00e3o ser acess\u00edveis para pais, respons\u00e1veis ou cuidadores, e incluir\u00e3o orienta\u00e7\u00f5es claras de que os resultados n\u00e3o equivalem a um diagn\u00f3stico de TEA. Caso o resultado seja positivo ou haja d\u00favidas, \u00e9 recomendado buscar atendimento presencial no servi\u00e7o de aten\u00e7\u00e3o prim\u00e1ria \u00e0 sa\u00fade.<\/p>\n<p>O texto foi aprovado com <span class=\"termoGlossario\">emenda<\/span> da Comiss\u00e3o dos Direitos das Pessoas com Defici\u00eancia para deixar claro que a detec\u00e7\u00e3o de sinais de risco n\u00e3o deve ser confundida com o pr\u00f3prio diagn\u00f3stico do TEA pela popula\u00e7\u00e3o em geral.<\/p>\n<p>O texto aprovado estabelece que os instrumentos de triagem poder\u00e3o ser disponibilizados avulsos ou junto \u00e0 carteira de vacina\u00e7\u00e3o. No formato eletr\u00f4nico, os resultados e as orienta\u00e7\u00f5es sobre os sinais de risco ser\u00e3o apresentados imediatamente ap\u00f3s o preenchimento on-line.<\/p>\n<p><strong>Teste padronizado<\/strong><br \/>\nPara o relator, deputado Amom Mandel (Cidadania-AM), a ado\u00e7\u00e3o de um instrumento padronizado para triagem precoce do TEA no SUS n\u00e3o \u00e9 apenas uma medida necess\u00e1ria, mas tamb\u00e9m uma obriga\u00e7\u00e3o \u00e9tica e estrat\u00e9gica do Estado brasileiro. &#8220;A utiliza\u00e7\u00e3o extensiva de um teste padronizado e validado cientificamente permite uniformizar os crit\u00e9rios de observa\u00e7\u00e3o e aumentar a precis\u00e3o dos encaminhamentos para avalia\u00e7\u00e3o diagn\u00f3stica&#8221;, disse.<\/p>\n<p>Mandel afirmou que \u00e9 essencial garantir um fluxo bem estruturado de cuidado ap\u00f3s a identifica\u00e7\u00e3o dos sinais de risco. &#8220;A crian\u00e7a com suspeita de TEA deve ser encaminhada para avalia\u00e7\u00e3o multiprofissional em servi\u00e7os especializados&#8221;, explicou.<\/p>\n<p>A fam\u00edlia deve ser capacitada para compreender o transtorno, lidar com os desafios e participar ativamente do processo terap\u00eautico, segundo Mandel. &#8220;Isso inclui a oferta de grupos de apoio, educa\u00e7\u00e3o parental e acesso a informa\u00e7\u00f5es claras e humanizadas sobre direitos e op\u00e7\u00f5es de cuidado&#8221;, disse o relator.<\/p>\n<p><strong>Agendamento<\/strong><br \/>\nCrian\u00e7as com resultado positivo dever\u00e3o receber prioridade no agendamento de avalia\u00e7\u00e3o com profissionais de sa\u00fade. Pais e respons\u00e1veis dever\u00e3o ser informados sobre a possibilidade de pedir assist\u00eancia em sa\u00fade mental e sobre as pol\u00edticas p\u00fablicas dispon\u00edveis.<\/p>\n<p>O projeto determina ainda que o poder p\u00fablico realize campanhas de conscientiza\u00e7\u00e3o sobre o transtorno, destacando a import\u00e2ncia do diagn\u00f3stico precoce e tamb\u00e9m da estimula\u00e7\u00e3o precoce.<\/p>\n<p><strong>Pr\u00f3ximos passos<\/strong><br \/>\nA proposta ser\u00e1 ainda analisada, em <span class=\"termoGlossario\">car\u00e1ter conclusivo<\/span>, pela Comiss\u00e3o de Constitui\u00e7\u00e3o e Justi\u00e7a e de Cidadania. Para virar lei, precisa ser aprovada por deputados e senadores.<\/p>\n<p><a href=\"https:\/\/www.camara.leg.br\/noticias\/573454-SAIBA-MAIS-SOBRE-A-TRAMITACAO-DE-PROJETOS-DE-LEI\">Saiba mais sobre a tramita\u00e7\u00e3o de projetos de lei<\/a><\/p>","protected":false},"excerpt":{"rendered":"<p>Vinicius Loures\/C\u00e2mara dos Deputados Amom Mandel, relator do projeto de lei A Comiss\u00e3o de Sa\u00fade da C\u00e2mara dos Deputados aprovou estrat\u00e9gia para detectar sinais de risco relacionados ao transtorno do espectro autista (TEA) em pacientes do Sistema \u00danico de Sa\u00fade (SUS). O Projeto de Lei 2594\/24, do deputado Marx Beltr\u00e3o (PP-AL), inclui a oferta de [&hellip;]<\/p>\n","protected":false},"author":0,"featured_media":0,"comment_status":"open","ping_status":"open","sticky":false,"template":"","format":"standard","meta":{"footnotes":""},"categories":[1],"tags":[],"_links":{"self":[{"href":"https:\/\/jeffersonisac.adv.br\/index.php\/wp-json\/wp\/v2\/posts\/14340"}],"collection":[{"href":"https:\/\/jeffersonisac.adv.br\/index.php\/wp-json\/wp\/v2\/posts"}],"about":[{"href":"https:\/\/jeffersonisac.adv.br\/index.php\/wp-json\/wp\/v2\/types\/post"}],"replies":[{"embeddable":true,"href":"https:\/\/jeffersonisac.adv.br\/index.php\/wp-json\/wp\/v2\/comments?post=14340"}],"version-history":[{"count":0,"href":"https:\/\/jeffersonisac.adv.br\/index.php\/wp-json\/wp\/v2\/posts\/14340\/revisions"}],"wp:attachment":[{"href":"https:\/\/jeffersonisac.adv.br\/index.php\/wp-json\/wp\/v2\/media?parent=14340"}],"wp:term":[{"taxonomy":"category","embeddable":true,"href":"https:\/\/jeffersonisac.adv.br\/index.php\/wp-json\/wp\/v2\/categories?post=14340"},{"taxonomy":"post_tag","embeddable":true,"href":"https:\/\/jeffersonisac.adv.br\/index.php\/wp-json\/wp\/v2\/tags?post=14340"}],"curies":[{"name":"wp","href":"https:\/\/api.w.org\/{rel}","templated":true}]}}