{"id":14346,"date":"2025-11-24T21:25:05","date_gmt":"2025-11-25T00:25:05","guid":{"rendered":"https:\/\/jeffersonisac.adv.br\/index.php\/2025\/11\/24\/nova-lei-permite-aos-conselhos-tutelares-requisitarem-servicos-na-area-de-assistencia-social\/"},"modified":"2025-11-24T21:25:05","modified_gmt":"2025-11-25T00:25:05","slug":"nova-lei-permite-aos-conselhos-tutelares-requisitarem-servicos-na-area-de-assistencia-social","status":"publish","type":"post","link":"https:\/\/jeffersonisac.adv.br\/index.php\/2025\/11\/24\/nova-lei-permite-aos-conselhos-tutelares-requisitarem-servicos-na-area-de-assistencia-social\/","title":{"rendered":"Nova lei permite aos conselhos tutelares requisitarem servi\u00e7os na \u00e1rea de assist\u00eancia social"},"content":{"rendered":"<div class=\"image-container\">\n<div class=\"midia-creditos\"><em>Kayo Magalh\u00e3es\/C\u00e2mara dos Deputados<\/em><\/div>\n<div class=\"media-wrapper\"><\/div>\n<div class=\"midia-legenda\">Deputada Maria do Ros\u00e1rio \u00e9 autora do projeto que deu origem \u00e0 lei<\/div>\n<\/div>\n<p>Entrou em vigor a lei que altera o Estatuto da Crian\u00e7a e do Adolescente (ECA) para permitir que os conselheiros tutelares requisitem servi\u00e7os p\u00fablicos na \u00e1rea de assist\u00eancia social. A lei substitui, no texto do ECA, a express\u00e3o &#8220;servi\u00e7o social&#8221; por &#8220;assist\u00eancia social&#8221;, que tem alcance mais abrangente.<\/p>\n<p>Sancionada pelo presidente da Rep\u00fablica em exerc\u00edcio, Geraldo Alckmin, a <a href=\"https:\/\/www2.camara.leg.br\/legin\/fed\/lei\/2025\/lei-15268-21-novembro-2025-798324-norma-pl.html\" target=\"_blank\" rel=\"noopener\">Lei 15.268\/25<\/a> foi publicada no Di\u00e1rio Oficial da Uni\u00e3o (DOU).<\/p>\n<p>A lei tem origem em projeto (PL 8251\/17) da deputada Maria do Ros\u00e1rio (PT-RS) e altera o trecho do ECA que cont\u00e9m as atribui\u00e7\u00f5es do conselho tutelar. Segundo a deputada, a atual reda\u00e7\u00e3o gera preju\u00edzos a crian\u00e7as e adolescentes caso a lei seja interpretada de forma literal, uma vez que o conselheiro tutelar pode se deparar com a negativa de presta\u00e7\u00e3o de importantes servi\u00e7os.<\/p>\n<p>O projeto foi aprovado pela C\u00e2mara dos Deputados em 2023 e depois pelo Senado em outubro deste ano. Na Comiss\u00e3o de Constitui\u00e7\u00e3o e Justi\u00e7a e de Cidadania (CCJ) da C\u00e2mara, o projeto teve parecer favor\u00e1vel da relatora, deputada S\u00e2mia Bomfim (Psol-SP).<\/p>\n<p>Atualmente, os conselheiros tutelares tamb\u00e9m j\u00e1 podem requisitar servi\u00e7os p\u00fablicos nas \u00e1reas de sa\u00fade, educa\u00e7\u00e3o, previd\u00eancia, trabalho e seguran\u00e7a.<\/p>","protected":false},"excerpt":{"rendered":"<p>Kayo Magalh\u00e3es\/C\u00e2mara dos Deputados Deputada Maria do Ros\u00e1rio \u00e9 autora do projeto que deu origem \u00e0 lei Entrou em vigor a lei que altera o Estatuto da Crian\u00e7a e do Adolescente (ECA) para permitir que os conselheiros tutelares requisitem servi\u00e7os p\u00fablicos na \u00e1rea de assist\u00eancia social. A lei substitui, no texto do ECA, a express\u00e3o [&hellip;]<\/p>\n","protected":false},"author":0,"featured_media":0,"comment_status":"open","ping_status":"open","sticky":false,"template":"","format":"standard","meta":{"footnotes":""},"categories":[1],"tags":[],"_links":{"self":[{"href":"https:\/\/jeffersonisac.adv.br\/index.php\/wp-json\/wp\/v2\/posts\/14346"}],"collection":[{"href":"https:\/\/jeffersonisac.adv.br\/index.php\/wp-json\/wp\/v2\/posts"}],"about":[{"href":"https:\/\/jeffersonisac.adv.br\/index.php\/wp-json\/wp\/v2\/types\/post"}],"replies":[{"embeddable":true,"href":"https:\/\/jeffersonisac.adv.br\/index.php\/wp-json\/wp\/v2\/comments?post=14346"}],"version-history":[{"count":0,"href":"https:\/\/jeffersonisac.adv.br\/index.php\/wp-json\/wp\/v2\/posts\/14346\/revisions"}],"wp:attachment":[{"href":"https:\/\/jeffersonisac.adv.br\/index.php\/wp-json\/wp\/v2\/media?parent=14346"}],"wp:term":[{"taxonomy":"category","embeddable":true,"href":"https:\/\/jeffersonisac.adv.br\/index.php\/wp-json\/wp\/v2\/categories?post=14346"},{"taxonomy":"post_tag","embeddable":true,"href":"https:\/\/jeffersonisac.adv.br\/index.php\/wp-json\/wp\/v2\/tags?post=14346"}],"curies":[{"name":"wp","href":"https:\/\/api.w.org\/{rel}","templated":true}]}}