{"id":14348,"date":"2025-11-25T09:26:03","date_gmt":"2025-11-25T12:26:03","guid":{"rendered":"https:\/\/jeffersonisac.adv.br\/index.php\/2025\/11\/25\/cancelada-audiencia-com-diretor-da-aneel-sobre-corte-de-carga-e-de-geracao-de-energia-pelas-distribuidoras\/"},"modified":"2025-11-25T09:26:03","modified_gmt":"2025-11-25T12:26:03","slug":"cancelada-audiencia-com-diretor-da-aneel-sobre-corte-de-carga-e-de-geracao-de-energia-pelas-distribuidoras","status":"publish","type":"post","link":"https:\/\/jeffersonisac.adv.br\/index.php\/2025\/11\/25\/cancelada-audiencia-com-diretor-da-aneel-sobre-corte-de-carga-e-de-geracao-de-energia-pelas-distribuidoras\/","title":{"rendered":"Cancelada audi\u00eancia com diretor da Aneel sobre corte de carga e de gera\u00e7\u00e3o de energia pelas distribuidoras"},"content":{"rendered":"<div class=\"image-container\">\n<div class=\"midia-creditos\"><em>Bruno Spada \/ C\u00e2mara dos Deputados<\/em><\/div>\n<div class=\"media-wrapper\"><\/div>\n<div class=\"midia-legenda\">Sandoval de Araujo Feitosa \u00e9 o presidente da Aneel<\/div>\n<\/div>\n<p>Foi cancelada a audi\u00eancia p\u00fablica que a Comiss\u00e3o de Desenvolvimento Econ\u00f4mico da C\u00e2mara dos Deputados realizaria nesta ter\u00e7a-feira (25) para ouvir o diretor-geral da Ag\u00eancia Nacional de Energia El\u00e9trica (Aneel), Sandoval de Araujo Feitosa.<\/p>\n<p>O debate havia sido solicitado pelo deputado Lafayette de Andrada (Republicanos-MG), que queria debater o corte de carga e de gera\u00e7\u00e3o de energia pelas distribuidoras.<\/p>","protected":false},"excerpt":{"rendered":"<p>Bruno Spada \/ C\u00e2mara dos Deputados Sandoval de Araujo Feitosa \u00e9 o presidente da Aneel Foi cancelada a audi\u00eancia p\u00fablica que a Comiss\u00e3o de Desenvolvimento Econ\u00f4mico da C\u00e2mara dos Deputados realizaria nesta ter\u00e7a-feira (25) para ouvir o diretor-geral da Ag\u00eancia Nacional de Energia El\u00e9trica (Aneel), Sandoval de Araujo Feitosa. O debate havia sido solicitado pelo [&hellip;]<\/p>\n","protected":false},"author":0,"featured_media":0,"comment_status":"open","ping_status":"open","sticky":false,"template":"","format":"standard","meta":{"footnotes":""},"categories":[1],"tags":[],"_links":{"self":[{"href":"https:\/\/jeffersonisac.adv.br\/index.php\/wp-json\/wp\/v2\/posts\/14348"}],"collection":[{"href":"https:\/\/jeffersonisac.adv.br\/index.php\/wp-json\/wp\/v2\/posts"}],"about":[{"href":"https:\/\/jeffersonisac.adv.br\/index.php\/wp-json\/wp\/v2\/types\/post"}],"replies":[{"embeddable":true,"href":"https:\/\/jeffersonisac.adv.br\/index.php\/wp-json\/wp\/v2\/comments?post=14348"}],"version-history":[{"count":0,"href":"https:\/\/jeffersonisac.adv.br\/index.php\/wp-json\/wp\/v2\/posts\/14348\/revisions"}],"wp:attachment":[{"href":"https:\/\/jeffersonisac.adv.br\/index.php\/wp-json\/wp\/v2\/media?parent=14348"}],"wp:term":[{"taxonomy":"category","embeddable":true,"href":"https:\/\/jeffersonisac.adv.br\/index.php\/wp-json\/wp\/v2\/categories?post=14348"},{"taxonomy":"post_tag","embeddable":true,"href":"https:\/\/jeffersonisac.adv.br\/index.php\/wp-json\/wp\/v2\/tags?post=14348"}],"curies":[{"name":"wp","href":"https:\/\/api.w.org\/{rel}","templated":true}]}}