{"id":14349,"date":"2025-11-25T09:26:03","date_gmt":"2025-11-25T12:26:03","guid":{"rendered":"https:\/\/jeffersonisac.adv.br\/index.php\/2025\/11\/25\/sancionada-lei-que-permite-atualizar-valor-de-imovel-no-imposto-de-renda\/"},"modified":"2025-11-25T09:26:03","modified_gmt":"2025-11-25T12:26:03","slug":"sancionada-lei-que-permite-atualizar-valor-de-imovel-no-imposto-de-renda","status":"publish","type":"post","link":"https:\/\/jeffersonisac.adv.br\/index.php\/2025\/11\/25\/sancionada-lei-que-permite-atualizar-valor-de-imovel-no-imposto-de-renda\/","title":{"rendered":"Sancionada lei que permite atualizar valor de im\u00f3vel no Imposto de Renda"},"content":{"rendered":"<div class=\"image-container\">\n<div class=\"midia-creditos\"><em>GettyImages<\/em><\/div>\n<div class=\"media-wrapper\"><\/div>\n<div class=\"midia-legenda\">Valor de im\u00f3vel poder\u00e1 ser atualizado no IR<\/div>\n<\/div>\n<p>A <a href=\"https:\/\/www2.camara.leg.br\/legin\/fed\/lei\/2025\/lei-15265-21-novembro-2025-798325-publicacaooriginal-177074-pl.html\">Lei 15.265\/25<\/a> permite a atualiza\u00e7\u00e3o do valor de ve\u00edculos e im\u00f3veis no Imposto de Renda e sua regulariza\u00e7\u00e3o, se l\u00edcitos e n\u00e3o declarados. A norma publicada na \u00faltima sexta-feira (21) no Di\u00e1rio Oficial da Uni\u00e3o (DOU) cria o Regime Especial de Atualiza\u00e7\u00e3o e Regulariza\u00e7\u00e3o Patrimonial (Rearp).<\/p>\n<p>At\u00e9 ent\u00e3o n\u00e3o havia previs\u00e3o legal de atualiza\u00e7\u00e3o desses valores, o que fazia com que a declara\u00e7\u00e3o de renda n\u00e3o refletisse a situa\u00e7\u00e3o patrimonial do contribuinte.<\/p>\n<p>Para pessoas f\u00edsicas, a atualiza\u00e7\u00e3o do valor acarretar\u00e1 cobran\u00e7a de 4% sobre a diferen\u00e7a entre o valor declarado e o valor de mercado. Para pessoas jur\u00eddicas, as al\u00edquotas ser\u00e3o de 4,8% de Imposto de Renda da Pessoa Jur\u00eddica (IRPJ) e 3,2% de Contribui\u00e7\u00e3o Social sobre o Lucro L\u00edquido (CSLL).<\/p>\n<p>A norma teve origem no <a class=\"linkProposicao\" href=\"https:\/\/www.camara.leg.br\/noticias\/774726-projeto-cria-regime-que-permite-atualizacao-e-regularizacao-de-bens-no-imposto-de-renda\">PL 458\/21<\/a>, do Senado.<\/p>\n<p><strong>Outros pontos<br \/>\n<\/strong>A nova norma limita a compensa\u00e7\u00e3o financeira entre o INSS e os regimes pr\u00f3prios de Previd\u00eancia. Essa compensa\u00e7\u00e3o s\u00f3 poder\u00e1 usar o valor previsto no Or\u00e7amento de cada ano.<\/p>\n<p>Al\u00e9m disso, muda a forma de concess\u00e3o do aux\u00edlio por incapacidade tempor\u00e1ria. O benef\u00edcio poder\u00e1 ser concedido por telemedicina ou por an\u00e1lise de documentos, por at\u00e9 30 dias. O governo poder\u00e1 autorizar exce\u00e7\u00f5es quando houver justificativa.<\/p>\n<p>A lei altera ainda regras para opera\u00e7\u00f5es de hedge (prote\u00e7\u00e3o financeira) e para empr\u00e9stimo de t\u00edtulos. As mudan\u00e7as valem para opera\u00e7\u00f5es feitas no Brasil e no exterior. Preju\u00edzos dessas opera\u00e7\u00f5es s\u00f3 poder\u00e3o reduzir o IRPJ e a CSLL se forem feitas a pre\u00e7os de mercado e registradas em bolsa ou balc\u00e3o.<\/p>","protected":false},"excerpt":{"rendered":"<p>GettyImages Valor de im\u00f3vel poder\u00e1 ser atualizado no IR A Lei 15.265\/25 permite a atualiza\u00e7\u00e3o do valor de ve\u00edculos e im\u00f3veis no Imposto de Renda e sua regulariza\u00e7\u00e3o, se l\u00edcitos e n\u00e3o declarados. A norma publicada na \u00faltima sexta-feira (21) no Di\u00e1rio Oficial da Uni\u00e3o (DOU) cria o Regime Especial de Atualiza\u00e7\u00e3o e Regulariza\u00e7\u00e3o Patrimonial [&hellip;]<\/p>\n","protected":false},"author":0,"featured_media":0,"comment_status":"open","ping_status":"open","sticky":false,"template":"","format":"standard","meta":{"footnotes":""},"categories":[1],"tags":[],"_links":{"self":[{"href":"https:\/\/jeffersonisac.adv.br\/index.php\/wp-json\/wp\/v2\/posts\/14349"}],"collection":[{"href":"https:\/\/jeffersonisac.adv.br\/index.php\/wp-json\/wp\/v2\/posts"}],"about":[{"href":"https:\/\/jeffersonisac.adv.br\/index.php\/wp-json\/wp\/v2\/types\/post"}],"replies":[{"embeddable":true,"href":"https:\/\/jeffersonisac.adv.br\/index.php\/wp-json\/wp\/v2\/comments?post=14349"}],"version-history":[{"count":0,"href":"https:\/\/jeffersonisac.adv.br\/index.php\/wp-json\/wp\/v2\/posts\/14349\/revisions"}],"wp:attachment":[{"href":"https:\/\/jeffersonisac.adv.br\/index.php\/wp-json\/wp\/v2\/media?parent=14349"}],"wp:term":[{"taxonomy":"category","embeddable":true,"href":"https:\/\/jeffersonisac.adv.br\/index.php\/wp-json\/wp\/v2\/categories?post=14349"},{"taxonomy":"post_tag","embeddable":true,"href":"https:\/\/jeffersonisac.adv.br\/index.php\/wp-json\/wp\/v2\/tags?post=14349"}],"curies":[{"name":"wp","href":"https:\/\/api.w.org\/{rel}","templated":true}]}}