{"id":14351,"date":"2025-11-25T10:25:18","date_gmt":"2025-11-25T13:25:18","guid":{"rendered":"https:\/\/jeffersonisac.adv.br\/index.php\/2025\/11\/25\/comissao-aprova-proposta-que-reduz-tempo-para-instituicao-receber-titulo-de-patrimonio-da-saude\/"},"modified":"2025-11-25T10:25:18","modified_gmt":"2025-11-25T13:25:18","slug":"comissao-aprova-proposta-que-reduz-tempo-para-instituicao-receber-titulo-de-patrimonio-da-saude","status":"publish","type":"post","link":"https:\/\/jeffersonisac.adv.br\/index.php\/2025\/11\/25\/comissao-aprova-proposta-que-reduz-tempo-para-instituicao-receber-titulo-de-patrimonio-da-saude\/","title":{"rendered":"Comiss\u00e3o aprova proposta que reduz tempo para institui\u00e7\u00e3o receber t\u00edtulo de Patrim\u00f4nio da Sa\u00fade"},"content":{"rendered":"<div class=\"image-container\">\n<div class=\"midia-creditos\"><em>Kayo Magalh\u00e3es \/ C\u00e2mara dos Deputados<\/em><\/div>\n<div class=\"media-wrapper\"><\/div>\n<div class=\"midia-legenda\">C\u00e9lio Silveira foi o relator da proposta<\/div>\n<\/div>\n<p>A Comiss\u00e3o de Sa\u00fade da C\u00e2mara dos Deputados aprovou o Projeto de Lei 2160\/24, do deputado Cobalchini (MDB-SC), que reduz de 70 para 50 anos o tempo m\u00ednimo de atua\u00e7\u00e3o que uma institui\u00e7\u00e3o precisa ter para receber o t\u00edtulo de Patrim\u00f4nio Nacional da Sa\u00fade P\u00fablica.\u00a0Al\u00e9m do tempo de atua\u00e7\u00e3o, a institui\u00e7\u00e3o precisa ter reconhecimento p\u00fablico e social pelo trabalho que faz.<\/p>\n<p>O t\u00edtulo foi criado pela <a href=\"https:\/\/www2.camara.leg.br\/legin\/fed\/lei\/2021\/lei-14196-26-agosto-2021-791685-norma-pl.html\">Lei 14.196\/21<\/a> e pode ser concedido a institui\u00e7\u00f5es p\u00fablicas ou privadas sem fins lucrativos que prestam servi\u00e7os relevantes e not\u00f3rios \u00e0 sa\u00fade p\u00fablica. Ele tamb\u00e9m pode ser concedido, por decis\u00e3o do Congresso Nacional, a institui\u00e7\u00f5es que desenvolvem atividades de cunho t\u00e9cnico, cient\u00edfico, educacional, assistencial e de participa\u00e7\u00e3o social na promo\u00e7\u00e3o, prote\u00e7\u00e3o e recupera\u00e7\u00e3o da sa\u00fade, em \u00e2mbito p\u00fablico e comunit\u00e1rio.<\/p>\n<p>Quem recebe o t\u00edtulo pode ter prefer\u00eancia em processos seletivos de compra de bens e servi\u00e7os, em fomento social nas suas \u00e1reas de atua\u00e7\u00e3o e na obten\u00e7\u00e3o de linhas de cr\u00e9dito p\u00fablico, tudo em igualdade de condi\u00e7\u00f5es.<\/p>\n<p>Essas institui\u00e7\u00f5es tamb\u00e9m t\u00eam prefer\u00eancia na libera\u00e7\u00e3o de emendas parlamentares que j\u00e1 tenham sido destinadas a elas. A lei ainda determina que, caso precisem ser extintas, isso s\u00f3 pode acontecer depois de uma audi\u00eancia p\u00fablica.<\/p>\n<p>O deputado Cobalchini afirma que o prazo atual exclui institui\u00e7\u00f5es importantes que j\u00e1 cumprem todos os outros requisitos.<\/p>\n<p>O relator, deputado C\u00e9lio Silveira (MDB-GO), concordou e recomendou a aprova\u00e7\u00e3o do texto. Para ele, a mudan\u00e7a mant\u00e9m a exig\u00eancia de um per\u00edodo relevante de atua\u00e7\u00e3o, sem impedir o reconhecimento de organiza\u00e7\u00f5es que j\u00e1 demonstram qualidade e impacto. \u201c\u00c9 uma medida justa, que incentiva a continuidade e o fortalecimento dos servi\u00e7os de sa\u00fade oferecidos \u00e0 popula\u00e7\u00e3o\u201d, afirmou.<\/p>\n<p><strong>Pr\u00f3ximos passos<\/strong><br \/>\nA proposta ainda ser\u00e1 analisada em <span class=\"termoGlossario\">car\u00e1ter conclusivo<\/span> pela Comiss\u00e3o de Constitui\u00e7\u00e3o e Justi\u00e7a e de Cidadania. Para virar lei, a proposta precisa ser aprovada pela C\u00e2mara e pelo Senado.<\/p>\n<p><a href=\"https:\/\/www.camara.leg.br\/noticias\/573454-SAIBA-MAIS-SOBRE-A-TRAMITACAO-DE-PROJETOS-DE-LEI\">Saiba mais sobre a tramita\u00e7\u00e3o de projetos de lei\u00a0<\/a><\/p>","protected":false},"excerpt":{"rendered":"<p>Kayo Magalh\u00e3es \/ C\u00e2mara dos Deputados C\u00e9lio Silveira foi o relator da proposta A Comiss\u00e3o de Sa\u00fade da C\u00e2mara dos Deputados aprovou o Projeto de Lei 2160\/24, do deputado Cobalchini (MDB-SC), que reduz de 70 para 50 anos o tempo m\u00ednimo de atua\u00e7\u00e3o que uma institui\u00e7\u00e3o precisa ter para receber o t\u00edtulo de Patrim\u00f4nio Nacional [&hellip;]<\/p>\n","protected":false},"author":0,"featured_media":0,"comment_status":"open","ping_status":"open","sticky":false,"template":"","format":"standard","meta":{"footnotes":""},"categories":[1],"tags":[],"_links":{"self":[{"href":"https:\/\/jeffersonisac.adv.br\/index.php\/wp-json\/wp\/v2\/posts\/14351"}],"collection":[{"href":"https:\/\/jeffersonisac.adv.br\/index.php\/wp-json\/wp\/v2\/posts"}],"about":[{"href":"https:\/\/jeffersonisac.adv.br\/index.php\/wp-json\/wp\/v2\/types\/post"}],"replies":[{"embeddable":true,"href":"https:\/\/jeffersonisac.adv.br\/index.php\/wp-json\/wp\/v2\/comments?post=14351"}],"version-history":[{"count":0,"href":"https:\/\/jeffersonisac.adv.br\/index.php\/wp-json\/wp\/v2\/posts\/14351\/revisions"}],"wp:attachment":[{"href":"https:\/\/jeffersonisac.adv.br\/index.php\/wp-json\/wp\/v2\/media?parent=14351"}],"wp:term":[{"taxonomy":"category","embeddable":true,"href":"https:\/\/jeffersonisac.adv.br\/index.php\/wp-json\/wp\/v2\/categories?post=14351"},{"taxonomy":"post_tag","embeddable":true,"href":"https:\/\/jeffersonisac.adv.br\/index.php\/wp-json\/wp\/v2\/tags?post=14351"}],"curies":[{"name":"wp","href":"https:\/\/api.w.org\/{rel}","templated":true}]}}