{"id":14357,"date":"2025-11-25T14:24:46","date_gmt":"2025-11-25T17:24:46","guid":{"rendered":"https:\/\/jeffersonisac.adv.br\/index.php\/2025\/11\/25\/cancelado-debate-sobre-condicoes-de-trabalho-de-entregadores-do-ifood-2\/"},"modified":"2025-11-25T14:24:46","modified_gmt":"2025-11-25T17:24:46","slug":"cancelado-debate-sobre-condicoes-de-trabalho-de-entregadores-do-ifood-2","status":"publish","type":"post","link":"https:\/\/jeffersonisac.adv.br\/index.php\/2025\/11\/25\/cancelado-debate-sobre-condicoes-de-trabalho-de-entregadores-do-ifood-2\/","title":{"rendered":"Cancelado debate sobre condi\u00e7\u00f5es de trabalho de entregadores do iFood"},"content":{"rendered":"<div class=\"image-container\">\n<div class=\"midia-creditos\"><em>Paulo Pinto\/Ag\u00eancia Brasil<\/em><\/div>\n<div class=\"media-wrapper\"><\/div>\n<div class=\"midia-legenda\">Entregadores de aplicativos fazem manifesta\u00e7\u00e3o em frente \u00e0 sede do iFood em Osasco (SP)<\/div>\n<\/div>\n<p>Foi cancelado o debate que a Comiss\u00e3o de Trabalho da C\u00e2mara dos Deputados realizaria na quarta-feira (26) para discutir as condi\u00e7\u00f5es de trabalho dos entregadores do aplicativo iFood.<\/p>\n<p>O debate havia sido solicitado pelo deputado Leo Prates (PDT-BA). Ele pretendia compreender as diferentes posi\u00e7\u00f5es envolvidas na paralisa\u00e7\u00e3o nacional dos entregadores de aplicativos (o chamado \u201cBreque dos Apps\u201d) e discutir poss\u00edveis caminhos para solu\u00e7\u00f5es legislativas que atendam tanto trabalhadores quanto empresas.<\/p>","protected":false},"excerpt":{"rendered":"<p>Paulo Pinto\/Ag\u00eancia Brasil Entregadores de aplicativos fazem manifesta\u00e7\u00e3o em frente \u00e0 sede do iFood em Osasco (SP) Foi cancelado o debate que a Comiss\u00e3o de Trabalho da C\u00e2mara dos Deputados realizaria na quarta-feira (26) para discutir as condi\u00e7\u00f5es de trabalho dos entregadores do aplicativo iFood. O debate havia sido solicitado pelo deputado Leo Prates (PDT-BA). [&hellip;]<\/p>\n","protected":false},"author":0,"featured_media":0,"comment_status":"open","ping_status":"open","sticky":false,"template":"","format":"standard","meta":{"footnotes":""},"categories":[1],"tags":[],"_links":{"self":[{"href":"https:\/\/jeffersonisac.adv.br\/index.php\/wp-json\/wp\/v2\/posts\/14357"}],"collection":[{"href":"https:\/\/jeffersonisac.adv.br\/index.php\/wp-json\/wp\/v2\/posts"}],"about":[{"href":"https:\/\/jeffersonisac.adv.br\/index.php\/wp-json\/wp\/v2\/types\/post"}],"replies":[{"embeddable":true,"href":"https:\/\/jeffersonisac.adv.br\/index.php\/wp-json\/wp\/v2\/comments?post=14357"}],"version-history":[{"count":0,"href":"https:\/\/jeffersonisac.adv.br\/index.php\/wp-json\/wp\/v2\/posts\/14357\/revisions"}],"wp:attachment":[{"href":"https:\/\/jeffersonisac.adv.br\/index.php\/wp-json\/wp\/v2\/media?parent=14357"}],"wp:term":[{"taxonomy":"category","embeddable":true,"href":"https:\/\/jeffersonisac.adv.br\/index.php\/wp-json\/wp\/v2\/categories?post=14357"},{"taxonomy":"post_tag","embeddable":true,"href":"https:\/\/jeffersonisac.adv.br\/index.php\/wp-json\/wp\/v2\/tags?post=14357"}],"curies":[{"name":"wp","href":"https:\/\/api.w.org\/{rel}","templated":true}]}}