{"id":14359,"date":"2025-11-25T16:25:16","date_gmt":"2025-11-25T19:25:16","guid":{"rendered":"https:\/\/jeffersonisac.adv.br\/index.php\/2025\/11\/25\/deputados-criticam-ausencia-de-lewandowski-em-audiencia-e-cobram-responsabilizacao\/"},"modified":"2025-11-25T16:25:16","modified_gmt":"2025-11-25T19:25:16","slug":"deputados-criticam-ausencia-de-lewandowski-em-audiencia-e-cobram-responsabilizacao","status":"publish","type":"post","link":"https:\/\/jeffersonisac.adv.br\/index.php\/2025\/11\/25\/deputados-criticam-ausencia-de-lewandowski-em-audiencia-e-cobram-responsabilizacao\/","title":{"rendered":"Deputados criticam aus\u00eancia de Lewandowski em audi\u00eancia e cobram responsabiliza\u00e7\u00e3o"},"content":{"rendered":"<div class=\"image-container\">\n<div class=\"midia-creditos\"><em>Pablo Valadares \/ C\u00e2mara dos Deputados<\/em><\/div>\n<div class=\"media-wrapper\"><\/div>\n<div class=\"midia-legenda\">Bilynskyj disse que vai encaminhar ao presidente da C\u00e2mara o pedido contra Lewandowski<\/div>\n<\/div>\n<p>O presidente da Comiss\u00e3o de Seguran\u00e7a P\u00fablica e Combate ao Crime Organizado, deputado Delegado Paulo Bilynskyj (PL-SP), criticou nesta ter\u00e7a-feira (25) a segunda aus\u00eancia do ministro da Justi\u00e7a e Seguran\u00e7a P\u00fablica, Ricardo Lewandowski, em audi\u00eancias p\u00fablicas do colegiado. Bilynskyj anunciou que vai encaminhar ao presidente da C\u00e2mara, Hugo Motta (Republicanos-PB), um pedido de responsabiliza\u00e7\u00e3o do ministro.<\/p>\n<p>\u201cFrente a esse descaso do governo Lula e do ministro Lewandowski com a seguran\u00e7a p\u00fablica do pa\u00eds, eu gostaria de consultar os membros dessa comiss\u00e3o sobre a coautoria em uma representa\u00e7\u00e3o que ser\u00e1 encaminhada ao presidente Hugo Motta para que o ministro responda pela pr\u00e1tica de crime de responsabilidade\u201d, disse Bilynskyj.<\/p>\n<p>\u201cEssa representa\u00e7\u00e3o j\u00e1 est\u00e1 pronta e vamos encaminh\u00e1-la ao presidente para o ju\u00edzo de admissibilidade dessa den\u00fancia\u201d, completou.<\/p>\n<p>O deputado Kim Kataguiri (Uni\u00e3o-SP) disse que a aus\u00eancia significa a desmoraliza\u00e7\u00e3o do parlamento. \u201cH\u00e1 algum tempo, comiss\u00f5es da C\u00e2mara convocam ministros de Estado que faltam e n\u00e3o s\u00e3o responsabilizados. Em tese, n\u00f3s temos o direito de convocar ministro e de exigir explica\u00e7\u00f5es, mas, na pr\u00e1tica, quando a gente convoca, ele n\u00e3o vem e n\u00e3o acontece absolutamente nada\u201d, disse.<\/p>\n<p>Lewandowski foi convocado a prestar esclarecimentos sobre temas como o controle de armas e muni\u00e7\u00f5es, o apoio do governo federal \u00e0 opera\u00e7\u00e3o contra organiza\u00e7\u00f5es criminosas no Rio de Janeiro e supostas interfer\u00eancias do governo em investiga\u00e7\u00f5es da Pol\u00edcia Federal.<\/p>\n<p>Tamb\u00e9m seria questionado sobre assuntos mais pontuais, como a declara\u00e7\u00e3o do presidente Luiz In\u00e1cio Lula da Silva classificando traficantes como v\u00edtimas e a suposta presen\u00e7a de comandantes do grupo do Hezbollah no Brasil.<\/p>\n<p>A convoca\u00e7\u00e3o do ministro da Justi\u00e7a atende a 27 requerimentos aprovados pela comiss\u00e3o. Os requerimentos foram propostos pelos deputados Marcos Pollon (PL-MS), Gilvan da Federal (PL-ES), Sanderson (PL-RS), Evair Vieira de Melo (PP-ES), Marcel van Hattem (Novo-RS), Capit\u00e3o Alden (PL-BA), Zucco (PL-RS), Rodolfo Nogueira (PL-MS), al\u00e9m do presidente da comiss\u00e3o.<\/p>\n<p>\u00a0<\/p>","protected":false},"excerpt":{"rendered":"<p>Pablo Valadares \/ C\u00e2mara dos Deputados Bilynskyj disse que vai encaminhar ao presidente da C\u00e2mara o pedido contra Lewandowski O presidente da Comiss\u00e3o de Seguran\u00e7a P\u00fablica e Combate ao Crime Organizado, deputado Delegado Paulo Bilynskyj (PL-SP), criticou nesta ter\u00e7a-feira (25) a segunda aus\u00eancia do ministro da Justi\u00e7a e Seguran\u00e7a P\u00fablica, Ricardo Lewandowski, em audi\u00eancias p\u00fablicas [&hellip;]<\/p>\n","protected":false},"author":0,"featured_media":0,"comment_status":"open","ping_status":"open","sticky":false,"template":"","format":"standard","meta":{"footnotes":""},"categories":[1],"tags":[],"_links":{"self":[{"href":"https:\/\/jeffersonisac.adv.br\/index.php\/wp-json\/wp\/v2\/posts\/14359"}],"collection":[{"href":"https:\/\/jeffersonisac.adv.br\/index.php\/wp-json\/wp\/v2\/posts"}],"about":[{"href":"https:\/\/jeffersonisac.adv.br\/index.php\/wp-json\/wp\/v2\/types\/post"}],"replies":[{"embeddable":true,"href":"https:\/\/jeffersonisac.adv.br\/index.php\/wp-json\/wp\/v2\/comments?post=14359"}],"version-history":[{"count":0,"href":"https:\/\/jeffersonisac.adv.br\/index.php\/wp-json\/wp\/v2\/posts\/14359\/revisions"}],"wp:attachment":[{"href":"https:\/\/jeffersonisac.adv.br\/index.php\/wp-json\/wp\/v2\/media?parent=14359"}],"wp:term":[{"taxonomy":"category","embeddable":true,"href":"https:\/\/jeffersonisac.adv.br\/index.php\/wp-json\/wp\/v2\/categories?post=14359"},{"taxonomy":"post_tag","embeddable":true,"href":"https:\/\/jeffersonisac.adv.br\/index.php\/wp-json\/wp\/v2\/tags?post=14359"}],"curies":[{"name":"wp","href":"https:\/\/api.w.org\/{rel}","templated":true}]}}