{"id":14360,"date":"2025-11-25T16:25:17","date_gmt":"2025-11-25T19:25:17","guid":{"rendered":"https:\/\/jeffersonisac.adv.br\/index.php\/2025\/11\/25\/comissao-aprova-tratamento-diferenciado-para-micro-e-pequenas-empresas-em-falencia\/"},"modified":"2025-11-25T16:25:17","modified_gmt":"2025-11-25T19:25:17","slug":"comissao-aprova-tratamento-diferenciado-para-micro-e-pequenas-empresas-em-falencia","status":"publish","type":"post","link":"https:\/\/jeffersonisac.adv.br\/index.php\/2025\/11\/25\/comissao-aprova-tratamento-diferenciado-para-micro-e-pequenas-empresas-em-falencia\/","title":{"rendered":"Comiss\u00e3o aprova tratamento diferenciado para micro e pequenas empresas em fal\u00eancia"},"content":{"rendered":"<div class=\"image-container\">\n<div class=\"midia-creditos\"><em>Vinicius Loures \/ C\u00e2mara dos Deputados<\/em><\/div>\n<div class=\"media-wrapper\"><\/div>\n<div class=\"midia-legenda\">Deputado Daniel Almeida, relator<\/div>\n<\/div>\n<p>A Comiss\u00e3o de Desenvolvimento Econ\u00f4mico da C\u00e2mara dos Deputados aprovou o <a class=\"linkProposicao\" href=\"https:\/\/www.camara.leg.br\/noticias\/500226-micro-e-pequenas-empresas-podem-ter-tratamento-especifico-em-falencia\">Projeto de Lei 5809\/16<\/a>, do deputado Helder Salom\u00e3o (PT-ES), que concede tratamento diferenciado \u00e0s micro e pequenas empresas em caso de fal\u00eancia. Nesses casos, a fal\u00eancia da sociedade n\u00e3o se estender\u00e1 a outra empresa coligada na qual exista rela\u00e7\u00e3o de parentesco entre os s\u00f3cios.<\/p>\n<p>A exce\u00e7\u00e3o ocorrer\u00e1 se houver influ\u00eancia de um grupo societ\u00e1rio na contabilidade do outro por meio da transfer\u00eancia de capitais ou patrim\u00f4nio, independentemente de participa\u00e7\u00e3o no capital social da sociedade objeto da fal\u00eancia.<\/p>\n<p>A proposta acrescenta a medida \u00e0 <a href=\"https:\/\/www2.camara.leg.br\/legin\/fed\/lei\/2005\/lei-11101-9-fevereiro-2005-535663-publicacaooriginal-103273-pl.html\">Lei de Fal\u00eancias<\/a>. A legisla\u00e7\u00e3o atual estabelece que a fal\u00eancia da sociedade com s\u00f3cios ilimitadamente respons\u00e1veis tamb\u00e9m acarreta a fal\u00eancia desses s\u00f3cios.<\/p>\n<p><strong>Tratamento diferenciado<\/strong><br \/>\nHelder Salom\u00e3o argumenta, no entanto, que a extens\u00e3o da fal\u00eancia a uma micro ou pequena empresa pela mera identifica\u00e7\u00e3o de parentesco entre as sociedades pode significar imputar responsabilidade a quem n\u00e3o tem. Para ele, tratar essas empresas como uma sociedade empres\u00e1ria comum \u00e9 desrespeitar o tratamento diferenciado trazido pela <a href=\"https:\/\/www2.camara.leg.br\/legin\/fed\/leicom\/2006\/leicomplementar-123-14-dezembro-2006-548099-publicacaooriginal-156405-pl.html\">Lei Geral da Micro e Pequena Empresa<\/a>.<\/p>\n<p>Para o relator, deputado Daniel Almeida (PCdoB-BA), &#8220;a mera exist\u00eancia de liga\u00e7\u00f5es pessoais&#8221; decorrentes de parentesco entre empresas diversas n\u00e3o deve ser motivo para se pressupor que a fal\u00eancia de uma dessas sociedades deva se estender \u00e0 outra. &#8220;A proposi\u00e7\u00e3o tamb\u00e9m apresenta uma ressalva que \u00e9 adequada e oportuna&#8221;, afirmou.<\/p>\n<p><strong>Pr\u00f3ximos passos<\/strong><br \/>\nO projeto ainda ser\u00e1 analisado em <span class=\"termoGlossario\">car\u00e1ter conclusivo<\/span> pelas comiss\u00f5es de Ind\u00fastria, Com\u00e9rcio e Servi\u00e7os; e de Constitui\u00e7\u00e3o e Justi\u00e7a e de Cidadania. Para virar lei, a proposta precisa ser aprovada pela C\u00e2mara e pelo Senado.<\/p>\n<p><a href=\"https:\/\/www.camara.leg.br\/noticias\/573454-SAIBA-MAIS-SOBRE-A-TRAMITACAO-DE-PROJETOS-DE-LEI\">Saiba mais sobre a tramita\u00e7\u00e3o de projetos de lei<\/a><\/p>\n<p>\u00a0<\/p>","protected":false},"excerpt":{"rendered":"<p>Vinicius Loures \/ C\u00e2mara dos Deputados Deputado Daniel Almeida, relator A Comiss\u00e3o de Desenvolvimento Econ\u00f4mico da C\u00e2mara dos Deputados aprovou o Projeto de Lei 5809\/16, do deputado Helder Salom\u00e3o (PT-ES), que concede tratamento diferenciado \u00e0s micro e pequenas empresas em caso de fal\u00eancia. Nesses casos, a fal\u00eancia da sociedade n\u00e3o se estender\u00e1 a outra empresa [&hellip;]<\/p>\n","protected":false},"author":0,"featured_media":0,"comment_status":"open","ping_status":"open","sticky":false,"template":"","format":"standard","meta":{"footnotes":""},"categories":[1],"tags":[],"_links":{"self":[{"href":"https:\/\/jeffersonisac.adv.br\/index.php\/wp-json\/wp\/v2\/posts\/14360"}],"collection":[{"href":"https:\/\/jeffersonisac.adv.br\/index.php\/wp-json\/wp\/v2\/posts"}],"about":[{"href":"https:\/\/jeffersonisac.adv.br\/index.php\/wp-json\/wp\/v2\/types\/post"}],"replies":[{"embeddable":true,"href":"https:\/\/jeffersonisac.adv.br\/index.php\/wp-json\/wp\/v2\/comments?post=14360"}],"version-history":[{"count":0,"href":"https:\/\/jeffersonisac.adv.br\/index.php\/wp-json\/wp\/v2\/posts\/14360\/revisions"}],"wp:attachment":[{"href":"https:\/\/jeffersonisac.adv.br\/index.php\/wp-json\/wp\/v2\/media?parent=14360"}],"wp:term":[{"taxonomy":"category","embeddable":true,"href":"https:\/\/jeffersonisac.adv.br\/index.php\/wp-json\/wp\/v2\/categories?post=14360"},{"taxonomy":"post_tag","embeddable":true,"href":"https:\/\/jeffersonisac.adv.br\/index.php\/wp-json\/wp\/v2\/tags?post=14360"}],"curies":[{"name":"wp","href":"https:\/\/api.w.org\/{rel}","templated":true}]}}