{"id":14362,"date":"2025-11-25T17:26:00","date_gmt":"2025-11-25T20:26:00","guid":{"rendered":"https:\/\/jeffersonisac.adv.br\/index.php\/2025\/11\/25\/comissao-aprova-diretrizes-para-estimular-turismo-de-pessoas-autistas\/"},"modified":"2025-11-25T17:26:00","modified_gmt":"2025-11-25T20:26:00","slug":"comissao-aprova-diretrizes-para-estimular-turismo-de-pessoas-autistas","status":"publish","type":"post","link":"https:\/\/jeffersonisac.adv.br\/index.php\/2025\/11\/25\/comissao-aprova-diretrizes-para-estimular-turismo-de-pessoas-autistas\/","title":{"rendered":"Comiss\u00e3o aprova diretrizes para estimular turismo de pessoas autistas"},"content":{"rendered":"<div class=\"image-container\">\n<div class=\"midia-creditos\"><em>Vinicius Loures\/C\u00e2mara dos Deputados<\/em><\/div>\n<div class=\"media-wrapper\"><\/div>\n<div class=\"midia-legenda\">Deputado Romero Rodrigues, relator<\/div>\n<\/div>\n<p>A Comiss\u00e3o de Turismo da C\u00e2mara dos Deputados aprovou o Projeto de Lei 2243\/25, da deputada Simone Marquetto (MDB-SP), que estabelece diretrizes para estimular turismo inclusivo e acess\u00edvel a pessoas com Transtorno do Espectro Autista (TEA).<\/p>\n<p>Entre as diretrizes est\u00e3o:<\/p>\n<p>a adapta\u00e7\u00e3o de espa\u00e7os, atra\u00e7\u00f5es e servi\u00e7os tur\u00edsticos para atender \u00e0s necessidades sensoriais, cognitivas e sociais das pessoas com TEA;<br \/>\no desenvolvimento e promo\u00e7\u00e3o de atividades tur\u00edsticas que respeitem as especificidades do espectro autista; e<br \/>\na capacita\u00e7\u00e3o de profissionais de turismo, hotelaria, eventos e transporte para atendimento humanizado, acess\u00edvel e inclusivo.<\/p>\n<p>O texto tamb\u00e9m prev\u00ea parcerias do Executivo federal com estados e munic\u00edpios, al\u00e9m de organiza\u00e7\u00f5es da sociedade civil, para desenvolver pol\u00edticas, programas, conv\u00eanios e campanhas para promover o turismo inclusivo a pessoas com TEA.<\/p>\n<p>Marquetto afirmou que o projeto promove a harmoniza\u00e7\u00e3o de pol\u00edticas p\u00fablicas em todas as unidades da federa\u00e7\u00e3o, incentiva a adapta\u00e7\u00e3o de destinos tur\u00edsticos e capacita\u00e7\u00e3o profissional, al\u00e9m de fomentar campanhas que conscientizem a popula\u00e7\u00e3o e os prestadores de servi\u00e7o sobre a import\u00e2ncia da inclus\u00e3o.<\/p>\n<p>&#8220;Al\u00e9m do vi\u00e9s social, este projeto representa uma oportunidade estrat\u00e9gica para o setor de turismo, ampliando seu alcance, qualificando os servi\u00e7os e promovendo o Brasil como um pa\u00eds mais justo, inclusivo e acolhedor para todas as<br \/>\npessoas&#8221;, disse.<\/p>\n<p>Para o relator, deputado Romero Rodrigues (Pode-PB), o projeto contribui diretamente para a consolida\u00e7\u00e3o de um modelo de turismo que n\u00e3o apenas respeite as diferen\u00e7as, mas valorize a diversidade como princ\u00edpio estruturante da experi\u00eancia tur\u00edstica. &#8220;A proposi\u00e7\u00e3o qualifica o produto tur\u00edstico brasileiro, assegura a efetividade de um direito fundamental e alinha o Pa\u00eds \u00e0s melhores pr\u00e1ticas globais de inclus\u00e3o&#8221;, afirmou.<\/p>\n<p><strong>Pr\u00f3ximos passos<\/strong><br \/>\nA proposta ainda ser\u00e1 analisada em <span class=\"termoGlossario\">car\u00e1ter conclusivo<\/span> pelas comiss\u00f5es de Finan\u00e7as e Tributa\u00e7\u00e3o; e de Constitui\u00e7\u00e3o e Justi\u00e7a e de Cidadania. Para virar lei, a proposta precisa ser aprovada pela C\u00e2mara e pelo Senado.<\/p>\n<p><a href=\"https:\/\/www.camara.leg.br\/noticias\/573454-SAIBA-MAIS-SOBRE-A-TRAMITACAO-DE-PROJETOS-DE-LEI\">Saiba mais sobre a tramita\u00e7\u00e3o de projetos de lei<\/a><\/p>\n<p>\u00a0<\/p>","protected":false},"excerpt":{"rendered":"<p>Vinicius Loures\/C\u00e2mara dos Deputados Deputado Romero Rodrigues, relator A Comiss\u00e3o de Turismo da C\u00e2mara dos Deputados aprovou o Projeto de Lei 2243\/25, da deputada Simone Marquetto (MDB-SP), que estabelece diretrizes para estimular turismo inclusivo e acess\u00edvel a pessoas com Transtorno do Espectro Autista (TEA). Entre as diretrizes est\u00e3o: a adapta\u00e7\u00e3o de espa\u00e7os, atra\u00e7\u00f5es e servi\u00e7os [&hellip;]<\/p>\n","protected":false},"author":0,"featured_media":0,"comment_status":"open","ping_status":"open","sticky":false,"template":"","format":"standard","meta":{"footnotes":""},"categories":[1],"tags":[],"_links":{"self":[{"href":"https:\/\/jeffersonisac.adv.br\/index.php\/wp-json\/wp\/v2\/posts\/14362"}],"collection":[{"href":"https:\/\/jeffersonisac.adv.br\/index.php\/wp-json\/wp\/v2\/posts"}],"about":[{"href":"https:\/\/jeffersonisac.adv.br\/index.php\/wp-json\/wp\/v2\/types\/post"}],"replies":[{"embeddable":true,"href":"https:\/\/jeffersonisac.adv.br\/index.php\/wp-json\/wp\/v2\/comments?post=14362"}],"version-history":[{"count":0,"href":"https:\/\/jeffersonisac.adv.br\/index.php\/wp-json\/wp\/v2\/posts\/14362\/revisions"}],"wp:attachment":[{"href":"https:\/\/jeffersonisac.adv.br\/index.php\/wp-json\/wp\/v2\/media?parent=14362"}],"wp:term":[{"taxonomy":"category","embeddable":true,"href":"https:\/\/jeffersonisac.adv.br\/index.php\/wp-json\/wp\/v2\/categories?post=14362"},{"taxonomy":"post_tag","embeddable":true,"href":"https:\/\/jeffersonisac.adv.br\/index.php\/wp-json\/wp\/v2\/tags?post=14362"}],"curies":[{"name":"wp","href":"https:\/\/api.w.org\/{rel}","templated":true}]}}