{"id":14363,"date":"2025-11-25T17:26:00","date_gmt":"2025-11-25T20:26:00","guid":{"rendered":"https:\/\/jeffersonisac.adv.br\/index.php\/2025\/11\/25\/governador-do-rio-defende-mais-recursos-para-combate-ao-crime-organizado\/"},"modified":"2025-11-25T17:26:00","modified_gmt":"2025-11-25T20:26:00","slug":"governador-do-rio-defende-mais-recursos-para-combate-ao-crime-organizado","status":"publish","type":"post","link":"https:\/\/jeffersonisac.adv.br\/index.php\/2025\/11\/25\/governador-do-rio-defende-mais-recursos-para-combate-ao-crime-organizado\/","title":{"rendered":"Governador do Rio defende mais recursos para combate ao crime organizado"},"content":{"rendered":"<div class=\"image-container\">\n<div class=\"midia-creditos\"><em>Renato Ara\u00fajo\/C\u00e2mara dos Deputados<\/em><\/div>\n<div class=\"media-wrapper\"><\/div>\n<div class=\"midia-legenda\">Para Cl\u00e1udio Castro, a &#8220;pol\u00edcia tem que ser livre para fazer o trabalho dela&#8221;<\/div>\n<\/div>\n<p>O governador do Rio de Janeiro, Cl\u00e1udio Castro, defendeu que a PEC da Seguran\u00e7a P\u00fablica (<a class=\"linkProposicao\" href=\"https:\/\/www.camara.leg.br\/noticias\/1153668-proposta-do-governo-muda-estrutura-da-seguranca-publica-em-busca-de-maior-integracao-na-area\">PEC 18\/25<\/a>) garanta mais recursos para o combate ao crime organizado. Ele sugeriu a destina\u00e7\u00e3o de parte da taxa\u00e7\u00e3o das bets para a seguran\u00e7a p\u00fablica.<\/p>\n<p>Ele tamb\u00e9m falou na necessidade de mais repasses de recursos federais de forma \u201clivre\u201d e n\u00e3o em \u201cprojetos carimbados\u201d do Minist\u00e9rio da Justi\u00e7a e Seguran\u00e7a P\u00fablica. Castro ainda criticou a possibilidade atual de o governo federal restringir o uso do Fundo Nacional de Seguran\u00e7a P\u00fablica e pediu compensa\u00e7\u00e3o da Uni\u00e3o pelo combate a crimes federais por parte de policiais civis. E citou o combate ao tr\u00e1fico de armas.<\/p>\n<p>O governador do Rio disse concordar com a integra\u00e7\u00e3o dos trabalhos das pol\u00edcias, dada a dificuldade de diferenciar o que \u00e9 crime estadual e crime federal hoje. E defendeu a liberdade de atua\u00e7\u00e3o das pol\u00edcias:<\/p>\n<p>\u201cRio de Janeiro \u00e9 um estado de servi\u00e7os. O crime organizado tem tomado conta de a\u00e7\u00f5es de servi\u00e7os, como internet, como transporte alternativo. Ent\u00e3o o pessoal fica achando que vai amea\u00e7ar a gente falando algo. Que prendam todos os postos irregulares! A gente aqui n\u00e3o defende ningu\u00e9m n\u00e3o. Na minha opini\u00e3o, a pol\u00edcia tem que ser livre para fazer o trabalho dela. N\u00e3o tem que ter autoridade mandando abrir inqu\u00e9rito sobre nada\u201d, disse.<\/p>\n<p>O ministro da Fazenda, Fernando Haddad, disse em outubro que o governador tinha feito pouca coisa em rela\u00e7\u00e3o ao contrabando de combust\u00edveis, que seria um canal para o financiamento do crime organizado.<\/p>\n<p>Cl\u00e1udio Castro disse que n\u00e3o \u00e9 necess\u00e1rio constitucionalizar o Sistema \u00danico de Seguran\u00e7a P\u00fablica, mas apenas aplicar a lei que criou o fundo, que \u00e9 de 2018. Outra premissa, para ele, \u00e9 manter as pol\u00edcias estaduais submetidas aos governadores e fazer com que a Pol\u00edcia Federal n\u00e3o possa escolher onde quer atuar.<\/p>\n<div class=\"image-container\">\n<div class=\"midia-creditos\"><em>Renato Ara\u00fajo\/C\u00e2mara dos Deputados<\/em><\/div>\n<div class=\"media-wrapper\"><\/div>\n<div class=\"midia-legenda\">Cl\u00e9sio Luis: solu\u00e7\u00e3o est\u00e1 em mais investimentos e parceria entre as for\u00e7as de seguran\u00e7a<\/div>\n<\/div>\n<p><strong>Caso Amap\u00e1<\/strong><br \/>\nJ\u00e1 o governador do Amap\u00e1, Cl\u00e9sio Luis, disse que o estado decidiu combater as fac\u00e7\u00f5es criminosas que estavam tomando territ\u00f3rios de maneira crescente. Ele afirmou que teve o apoio do ent\u00e3o ministro da Justi\u00e7a, Fl\u00e1vio Dino, e que isso foi importante para uma virada na redu\u00e7\u00e3o da criminalidade. Ele disse que a solu\u00e7\u00e3o \u00e9 mais investimentos, parceria entre as for\u00e7as de seguran\u00e7a e liberdade t\u00e9cnica de atua\u00e7\u00e3o para as for\u00e7as.<\/p>\n<p>O deputado Pastor Henrique Vieira (Psol-RJ) criticou a opera\u00e7\u00e3o Conten\u00e7\u00e3o do estado do Rio que registrou 122 mortos, sendo 5 policiais. Segundo ele, a maior parte dos mandados de pris\u00e3o n\u00e3o foi cumprida, inclusive das principais lideran\u00e7as do Comando Vermelho. Ele questionou a liberdade de atua\u00e7\u00e3o citada pelos governadores.<\/p>\n<p>\u201cNo Rio de Janeiro, nosso estado, a l\u00f3gica de uma pol\u00edcia com licen\u00e7a para matar tem feito o estado produzir os seus pr\u00f3prios assassinos: Ronnie Lessa, Adriano da N\u00f3brega, Bator\u00e9, Escrit\u00f3rio do Crime e outros grupos de exterm\u00ednio t\u00eam rela\u00e7\u00e3o \u00edntima com grupos e for\u00e7as de seguran\u00e7a\u201d, disse.<\/p>\n<p>O relator da PEC da Seguran\u00e7a P\u00fablica, deputado Mendon\u00e7a Filho (Uni\u00e3o-PE), confirmou a entrega do seu relat\u00f3rio para o dia 4 de dezembro.<\/p>\n<p>\u00a0<\/p>","protected":false},"excerpt":{"rendered":"<p>Renato Ara\u00fajo\/C\u00e2mara dos Deputados Para Cl\u00e1udio Castro, a &#8220;pol\u00edcia tem que ser livre para fazer o trabalho dela&#8221; O governador do Rio de Janeiro, Cl\u00e1udio Castro, defendeu que a PEC da Seguran\u00e7a P\u00fablica (PEC 18\/25) garanta mais recursos para o combate ao crime organizado. Ele sugeriu a destina\u00e7\u00e3o de parte da taxa\u00e7\u00e3o das bets para [&hellip;]<\/p>\n","protected":false},"author":0,"featured_media":0,"comment_status":"open","ping_status":"open","sticky":false,"template":"","format":"standard","meta":{"footnotes":""},"categories":[1],"tags":[],"_links":{"self":[{"href":"https:\/\/jeffersonisac.adv.br\/index.php\/wp-json\/wp\/v2\/posts\/14363"}],"collection":[{"href":"https:\/\/jeffersonisac.adv.br\/index.php\/wp-json\/wp\/v2\/posts"}],"about":[{"href":"https:\/\/jeffersonisac.adv.br\/index.php\/wp-json\/wp\/v2\/types\/post"}],"replies":[{"embeddable":true,"href":"https:\/\/jeffersonisac.adv.br\/index.php\/wp-json\/wp\/v2\/comments?post=14363"}],"version-history":[{"count":0,"href":"https:\/\/jeffersonisac.adv.br\/index.php\/wp-json\/wp\/v2\/posts\/14363\/revisions"}],"wp:attachment":[{"href":"https:\/\/jeffersonisac.adv.br\/index.php\/wp-json\/wp\/v2\/media?parent=14363"}],"wp:term":[{"taxonomy":"category","embeddable":true,"href":"https:\/\/jeffersonisac.adv.br\/index.php\/wp-json\/wp\/v2\/categories?post=14363"},{"taxonomy":"post_tag","embeddable":true,"href":"https:\/\/jeffersonisac.adv.br\/index.php\/wp-json\/wp\/v2\/tags?post=14363"}],"curies":[{"name":"wp","href":"https:\/\/api.w.org\/{rel}","templated":true}]}}