{"id":14366,"date":"2025-11-25T19:25:15","date_gmt":"2025-11-25T22:25:15","guid":{"rendered":"https:\/\/jeffersonisac.adv.br\/index.php\/2025\/11\/25\/hugo-motta-elogia-aprovacao-de-projeto-que-preve-coleta-de-dna-de-presos\/"},"modified":"2025-11-25T19:25:15","modified_gmt":"2025-11-25T22:25:15","slug":"hugo-motta-elogia-aprovacao-de-projeto-que-preve-coleta-de-dna-de-presos","status":"publish","type":"post","link":"https:\/\/jeffersonisac.adv.br\/index.php\/2025\/11\/25\/hugo-motta-elogia-aprovacao-de-projeto-que-preve-coleta-de-dna-de-presos\/","title":{"rendered":"Hugo Motta elogia aprova\u00e7\u00e3o de projeto que prev\u00ea coleta de DNA de presos"},"content":{"rendered":"<div class=\"image-container\">\n<div class=\"midia-creditos\"><em>Kayo Magalh\u00e3es\/C\u00e2mara dos Deputados<\/em><\/div>\n<div class=\"media-wrapper\"><\/div>\n<div class=\"midia-legenda\">Hugo Motta: a vota\u00e7\u00e3o demonstra compromisso em favor da seguran\u00e7a p\u00fablica<\/div>\n<\/div>\n<p>O presidente da C\u00e2mara dos Deputados, Hugo Motta (Republicanos-PB), elogiou a aprova\u00e7\u00e3o da proposta que amplia o Banco Nacional de Perfis Gen\u00e9ticos, permitindo a coleta de DNA de presos em regime fechado e em flagrante por crimes graves, como homic\u00eddios e viol\u00eancia sexual. &#8220;Demos mais uma vez uma demonstra\u00e7\u00e3o de nosso compromisso em favor da seguran\u00e7a p\u00fablica&#8221;, disse Motta.<\/p>\n<p>Segundo Motta, o texto ajuda na elucida\u00e7\u00e3o de crimes ao garantir um grande banco de dados para as for\u00e7as de seguran\u00e7a, auxiliando na identifica\u00e7\u00e3o de criminosos e a punir dentro das leis. &#8220;\u00c9 a nossa agenda da seguran\u00e7a seguindo cada vez mais forte. Vamos seguir at\u00e9 o final do ano e durante o ano que vem priorizando a pauta da seguran\u00e7a p\u00fablica, t\u00e3o cara \u00e0 nossa sociedade&#8221;, afirmou.<\/p>\n<p>A proposta (PL 1496\/21), da senadora Leila Barros (PDT-DF), foi aprovada no Senado em 2023 e, agora que passou pela C\u00e2mara, seguir\u00e1 para san\u00e7\u00e3o presidencial.<\/p>","protected":false},"excerpt":{"rendered":"<p>Kayo Magalh\u00e3es\/C\u00e2mara dos Deputados Hugo Motta: a vota\u00e7\u00e3o demonstra compromisso em favor da seguran\u00e7a p\u00fablica O presidente da C\u00e2mara dos Deputados, Hugo Motta (Republicanos-PB), elogiou a aprova\u00e7\u00e3o da proposta que amplia o Banco Nacional de Perfis Gen\u00e9ticos, permitindo a coleta de DNA de presos em regime fechado e em flagrante por crimes graves, como homic\u00eddios [&hellip;]<\/p>\n","protected":false},"author":0,"featured_media":0,"comment_status":"open","ping_status":"open","sticky":false,"template":"","format":"standard","meta":{"footnotes":""},"categories":[1],"tags":[],"_links":{"self":[{"href":"https:\/\/jeffersonisac.adv.br\/index.php\/wp-json\/wp\/v2\/posts\/14366"}],"collection":[{"href":"https:\/\/jeffersonisac.adv.br\/index.php\/wp-json\/wp\/v2\/posts"}],"about":[{"href":"https:\/\/jeffersonisac.adv.br\/index.php\/wp-json\/wp\/v2\/types\/post"}],"replies":[{"embeddable":true,"href":"https:\/\/jeffersonisac.adv.br\/index.php\/wp-json\/wp\/v2\/comments?post=14366"}],"version-history":[{"count":0,"href":"https:\/\/jeffersonisac.adv.br\/index.php\/wp-json\/wp\/v2\/posts\/14366\/revisions"}],"wp:attachment":[{"href":"https:\/\/jeffersonisac.adv.br\/index.php\/wp-json\/wp\/v2\/media?parent=14366"}],"wp:term":[{"taxonomy":"category","embeddable":true,"href":"https:\/\/jeffersonisac.adv.br\/index.php\/wp-json\/wp\/v2\/categories?post=14366"},{"taxonomy":"post_tag","embeddable":true,"href":"https:\/\/jeffersonisac.adv.br\/index.php\/wp-json\/wp\/v2\/tags?post=14366"}],"curies":[{"name":"wp","href":"https:\/\/api.w.org\/{rel}","templated":true}]}}